{"id":14697,"date":"2025-12-09T10:50:12","date_gmt":"2025-12-09T10:50:12","guid":{"rendered":"https:\/\/assetphysics.com\/?p=14697"},"modified":"2025-12-09T10:50:12","modified_gmt":"2025-12-09T10:50:12","slug":"aif-capital-group-ermoeglicht-intensivpflege-wohngemeinschaft-in-fredenbeck","status":"publish","type":"post","link":"https:\/\/assetphysics.com\/de\/aif-capital-group-ermoeglicht-intensivpflege-wohngemeinschaft-in-fredenbeck\/","title":{"rendered":"AIF Capital Group erm\u00f6glicht Intensivpflege-Wohngemeinschaft in Fredenbeck"},"content":{"rendered":"\n\t<section class=\"snk-section snk-section_xs\" >\n\t\t<div class=\"container container-xs\">\n\n\t\t\t\n\n\t\t\t\n\t\t\t\t<div class=\"row snk-textColumns\">\n\t\t\t\t\t\n\t\t\t\t\t\t<div class=\"col col-12 snk-textColumn\">\n\t\t\t\t\t\t\t<div class=\"snk-textBlock\">\n\t\t\t\t\t\t\t\t\n\t\t\t\t\t\t\t\t\n\t\t\t\t\t\t\t\t\t\t\t\t\t\t\t\t\t<p>Die AIF Capital Group hat die Umnutzung eines Teils der Senioreneinrichtung in Fredenbeck erfolgreich abgeschlossen. Seit dem 1. Dezember steht am Standort erstmals eine Wohngemeinschaft f\u00fcr au\u00dferklinische Intensivpflege zur Verf\u00fcgung. Die Umnutzung von regul\u00e4ren Pflege- und Wohnfl\u00e4chen hin zu einer Intensivpflege-WG wurde durch die zust\u00e4ndigen Beh\u00f6rden genehmigt.<\/p>\n\t\t\t\t\t\t\t\t\n\t\t\t\t\t\t\t\t\t\t\t\t\t\t\t<\/div>\n\t\t\t\t\t\t<\/div>\n\n\t\t\t\t\t\t\n\t\t\t\t<\/div>\n\n\t\t\t\t\t\t\t\t\t<\/div>\n\t<\/section>\n\n\n\t<section class=\"snk-section snk-section_xs\" >\n\t\t<div class=\"container container-xs\">\n\n\t\t\t\n\n\t\t\t\n\t\t\t\t<div class=\"row snk-textColumns\">\n\t\t\t\t\t\n\t\t\t\t\t\t<div class=\"col col-12 snk-textColumn\">\n\t\t\t\t\t\t\t<div class=\"snk-textBlock\">\n\t\t\t\t\t\t\t\t\n\t\t\t\t\t\t\t\t\n\t\t\t\t\t\t\t\t\t\t\t\t\t\t\t\t\t<p>Auf einer Fl\u00e4che von rund 431 m^2 entsteht eine moderne Wohngemeinschaft f\u00fcr Menschen mit intensivpflegerischem Versorgungsbedarf. Statt der bisherigen Nutzung mit Einzelmietvertr\u00e4gen wurde mit der Lebenszeit Niedersachsen GmbH ein Generalmietvertrag \u00fcber zehn Jahre abgeschlossen. Damit wird die Basis f\u00fcr eine langfristig gesicherte und bedarfsgerechte Nutzung der Immobilie geschaffen.<\/p>\n\t\t\t\t\t\t\t\t\n\t\t\t\t\t\t\t\t\t\t\t\t\t\t\t<\/div>\n\t\t\t\t\t\t<\/div>\n\n\t\t\t\t\t\t\n\t\t\t\t<\/div>\n\n\t\t\t\t\t\t\t\t\t<\/div>\n\t<\/section>\n\n\n\t<section class=\"snk-section snk-section_xs\" >\n\t\t<div class=\"container container-xs\">\n\n\t\t\t\n\n\t\t\t\n\t\t\t\t<div class=\"row snk-textColumns\">\n\t\t\t\t\t\n\t\t\t\t\t\t<div class=\"col col-12 snk-textColumn\">\n\t\t\t\t\t\t\t<div class=\"snk-textBlock\">\n\t\t\t\t\t\t\t\t\n\t\t\t\t\t\t\t\t\n\t\t\t\t\t\t\t\t\t\t\t\t\t\t\t\t\t<p>\u201eMit der Umnutzung und dem neuen Generalmietvertrag schaffen wir die Grundlage daf\u00fcr, dass sich der Standort Fredenbeck langfristig als moderner Pflegecampus weiterentwickeln kann. Die neue Intensivpflege-WG erg\u00e4nzt das bestehende Angebot sinnvoll und tr\u00e4gt dazu bei, die Versorgungssituation in der Region weiter zu verbessern\u201c, sagt Robin Pfl\u00fcger, Investment Manager bei der AIF Capital Group.<\/p>\n\t\t\t\t\t\t\t\t\n\t\t\t\t\t\t\t\t\t\t\t\t\t\t\t<\/div>\n\t\t\t\t\t\t<\/div>\n\n\t\t\t\t\t\t\n\t\t\t\t<\/div>\n\n\t\t\t\t\t\t\t\t\t<\/div>\n\t<\/section>\n\n\n\t<section class=\"snk-section snk-section_xs\" >\n\t\t<div class=\"container container-xs\">\n\n\t\t\t\n\n\t\t\t\n\t\t\t\t<div class=\"row snk-textColumns\">\n\t\t\t\t\t\n\t\t\t\t\t\t<div class=\"col col-12 snk-textColumn\">\n\t\t\t\t\t\t\t<div class=\"snk-textBlock\">\n\t\t\t\t\t\t\t\t\n\t\t\t\t\t\t\t\t\n\t\t\t\t\t\t\t\t\t\t\t\t\t\t\t\t\t<p>Die Senioreneinrichtung in Fredenbeck wurde im Jahr 2022 von der AIF Capital Group f\u00fcr den Fonds AIF F\u00fcrsorge I erworben. Seither arbeitet die AIF Capital Group kontinuierlich an der Weiterentwicklung und strategischen Repositionierung des Standorts. Die Intensivpflege-WG wird unter dem Konzept \u201eLebenswelt Fredenbeck\u201c gef\u00fchrt und von einem Pflegedienst aus der Lebenszeit-Gruppe betrieben.<\/p>\n\t\t\t\t\t\t\t\t\n\t\t\t\t\t\t\t\t\t\t\t\t\t\t\t<\/div>\n\t\t\t\t\t\t<\/div>\n\n\t\t\t\t\t\t\n\t\t\t\t<\/div>\n\n\t\t\t\t\t\t\t\t\t<\/div>\n\t<\/section>\n\n\n\t<section class=\"snk-section snk-section_xs\" >\n\t\t<div class=\"container container-xs\">\n\n\t\t\t\n\n\t\t\t\n\t\t\t\t<div class=\"row snk-textColumns\">\n\t\t\t\t\t\n\t\t\t\t\t\t<div class=\"col col-12 snk-textColumn\">\n\t\t\t\t\t\t\t<div class=\"snk-textBlock\">\n\t\t\t\t\t\t\t\t\n\t\t\t\t\t\t\t\t\n\t\t\t\t\t\t\t\t\t\t\t\t\t\t\t\t\t<p>\u201eMit der neuen Intensivpflege-Wohngemeinschaft \u201aLebenszeit Fredenbeck\u2018 verbinden wir die Sicherheit einer hochqualifizierten intensivpflegerischen Versorgung mit der Atmosph\u00e4re eines wohnlichen und famili\u00e4ren Umfelds. Die langj\u00e4hrige Mietlaufzeit gibt uns die M\u00f6glichkeit, den Standort gemeinsam mit der AIF Capital Group kontinuierlich weiterzuentwickeln und Angeh\u00f6rigen wie Mitarbeitenden Planungssicherheit zu bieten\u201c, erkl\u00e4rt Philip Siems, Gesch\u00e4ftsf\u00fchrer der Lebenszeit Pflege Holding GmbH.<\/p>\n\t\t\t\t\t\t\t\t\n\t\t\t\t\t\t\t\t\t\t\t\t\t\t\t<\/div>\n\t\t\t\t\t\t<\/div>\n\n\t\t\t\t\t\t\n\t\t\t\t<\/div>\n\n\t\t\t\t\t\t\t\t\t<\/div>\n\t<\/section>\n\n\n\t<section class=\"snk-section snk-section_xs\" >\n\t\t<div class=\"container container-xs\">\n\n\t\t\t\n\n\t\t\t\n\t\t\t\t<div class=\"row snk-textColumns\">\n\t\t\t\t\t\n\t\t\t\t\t\t<div class=\"col col-12 snk-textColumn\">\n\t\t\t\t\t\t\t<div class=\"snk-textBlock\">\n\t\t\t\t\t\t\t\t\n\t\t\t\t\t\t\t\t\n\t\t\t\t\t\t\t\t\t\t\t\t\t\t\t\t\t<p>Die Einrichtung bietet auf mehr als 15.000 m^2 Platz f\u00fcr 75 Wohneinheiten mit Balkon oder Terrasse. Dar\u00fcber hinaus stehen f\u00fcnf Wohngemeinschaften mit je zw\u00f6lf Komfortapartments zur Verf\u00fcgung, die jeweils mit einer Gemeinschaftsk\u00fcche und einem Aufenthaltsraum verbunden sind. Komplettiert wird das Angebot des Seniorenzentrums durch zw\u00f6lf Pl\u00e4tze f\u00fcr die ambulante Tagespflege. Neben ausreichend vielen Parkpl\u00e4tzen geh\u00f6ren auch das Parkcaf\u00e9 und eine Kindertagesst\u00e4tte zum Angebot der Einrichtung.<\/p>\n\t\t\t\t\t\t\t\t\n\t\t\t\t\t\t\t\t\t\t\t\t\t\t\t<\/div>\n\t\t\t\t\t\t<\/div>\n\n\t\t\t\t\t\t\n\t\t\t\t<\/div>\n\n\t\t\t\t\t\t\t\t\t<\/div>\n\t<\/section>\n\n\t<section class=\"snk-section snk-section_noPadding\">\n\t\t<div class=\"container container-xs\">\n\t\t\t<div class=\"snk-media snk-media_image\">\n\n\t\t\t\t\t\t\t\t\t<img decoding=\"async\" data-src=\"https:\/\/assetphysics.com\/wp-content\/uploads\/2025\/12\/aif_capital_group.jpg\" alt=\"Intensivpflege-Wohngemeinschaft in Fredenbeck\" title=\"AIF Capital Group\" src=\"data:image\/svg+xml;base64,PHN2ZyB3aWR0aD0iMSIgaGVpZ2h0PSIxIiB4bWxucz0iaHR0cDovL3d3dy53My5vcmcvMjAwMC9zdmciPjwvc3ZnPg==\" class=\"lazyload\" style=\"--smush-placeholder-width: 2048px; --smush-placeholder-aspect-ratio: 2048\/1536;\" \/>\n\t\t\t\t\t\t<div class=\"snk-media-caption\">Intensivpflege-Wohngemeinschaft in Fredenbeck (AIF Capital Group)<\/div>\t\t\t<\/div>\n\n\t\t\t\t\t<\/div>\n\n\t\t\t<\/section>\n\t","protected":false},"excerpt":{"rendered":"<p>Die AIF Capital Group hat die Umnutzung eines Teils der Senioreneinrichtung in Fredenbeck abgeschlossen und eine Intensivpflege-Wohngemeinschaft eingerichtet. Mit einem Generalmietvertrag \u00fcber zehn Jahre wird die Nutzung langfristig gesichert.<\/p>\n","protected":false},"author":263,"featured_media":14695,"comment_status":"closed","ping_status":"closed","sticky":false,"template":"","format":"standard","meta":{"_acf_changed":false,"inline_featured_image":false,"_co_authors":[],"footnotes":""},"categories":[677,10],"tags":[],"type_content":[170],"class_list":["post-14697","post","type-post","status-publish","format-standard","has-post-thumbnail","hentry","category-developments","category-real-estate","type_content-news"],"acf":{"homepage_featured_article":false},"_links":{"self":[{"href":"https:\/\/assetphysics.com\/de\/wp-json\/wp\/v2\/posts\/14697","targetHints":{"allow":["GET"]}}],"collection":[{"href":"https:\/\/assetphysics.com\/de\/wp-json\/wp\/v2\/posts"}],"about":[{"href":"https:\/\/assetphysics.com\/de\/wp-json\/wp\/v2\/types\/post"}],"author":[{"embeddable":true,"href":"https:\/\/assetphysics.com\/de\/wp-json\/wp\/v2\/users\/263"}],"replies":[{"embeddable":true,"href":"https:\/\/assetphysics.com\/de\/wp-json\/wp\/v2\/comments?post=14697"}],"version-history":[{"count":1,"href":"https:\/\/assetphysics.com\/de\/wp-json\/wp\/v2\/posts\/14697\/revisions"}],"predecessor-version":[{"id":14736,"href":"https:\/\/assetphysics.com\/de\/wp-json\/wp\/v2\/posts\/14697\/revisions\/14736"}],"wp:featuredmedia":[{"embeddable":true,"href":"https:\/\/assetphysics.com\/de\/wp-json\/wp\/v2\/media\/14695"}],"wp:attachment":[{"href":"https:\/\/assetphysics.com\/de\/wp-json\/wp\/v2\/media?parent=14697"}],"wp:term":[{"taxonomy":"category","embeddable":true,"href":"https:\/\/assetphysics.com\/de\/wp-json\/wp\/v2\/categories?post=14697"},{"taxonomy":"post_tag","embeddable":true,"href":"https:\/\/assetphysics.com\/de\/wp-json\/wp\/v2\/tags?post=14697"},{"taxonomy":"type_content","embeddable":true,"href":"https:\/\/assetphysics.com\/de\/wp-json\/wp\/v2\/type_content?post=14697"}],"curies":[{"name":"wp","href":"https:\/\/api.w.org\/{rel}","templated":true}]}}