{"id":17753,"date":"2026-01-23T07:46:45","date_gmt":"2026-01-23T07:46:45","guid":{"rendered":"https:\/\/assetphysics.com\/?p=17753"},"modified":"2026-08-01T02:00:44","modified_gmt":"2026-08-01T02:00:44","slug":"garbe-und-accolade-realisieren-zweites-gemeinschaftsprojekt-in-tschechien","status":"publish","type":"post","link":"https:\/\/assetphysics.com\/de\/garbe-und-accolade-realisieren-zweites-gemeinschaftsprojekt-in-tschechien\/","title":{"rendered":"GARBE und Accolade realisieren zweites Gemeinschaftsprojekt in Tschechien"},"content":{"rendered":"\n\t<section class=\"snk-section snk-section_xs\" >\n\t\t<div class=\"container container-xs\">\n\n\t\t\t\n\n\t\t\t\n\t\t\t\t<div class=\"row snk-textColumns\">\n\t\t\t\t\t\n\t\t\t\t\t\t<div class=\"col col-12 snk-textColumn\">\n\t\t\t\t\t\t\t<div class=\"snk-textBlock\">\n\t\t\t\t\t\t\t\t\n\t\t\t\t\t\t\t\t\n\t\t\t\t\t\t\t\t\t\t\t\t\t\t\t\t\t<p>GARBE Industrial Real Estate Czech Republic (\u201eGARBE\u201c) realisiert gemeinsam mit der Accolade-Gruppe ein weiteres Projekt in Tschechien. Es handelt sich um die Entwicklung des Industrieparks GARBE Park Kl\u00e1\u0161terec nad Oh\u0159\u00ed II, der nach Fertigstellung rund 55.000 Quadratmeter moderne Industriefl\u00e4che bieten wird. Insgesamt sollen mehr als 60 Mio. EUR investiert werden (bzw. \u00fcber 1,4 Mrd. CZK).<\/p>\n\t\t\t\t\t\t\t\t\n\t\t\t\t\t\t\t\t\t\t\t\t\t\t\t<\/div>\n\t\t\t\t\t\t<\/div>\n\n\t\t\t\t\t\t\n\t\t\t\t<\/div>\n\n\t\t\t\t\t\t\t\t\t<\/div>\n\t<\/section>\n\n\n\n\t<section class=\"snk-section snk-section_xs\" >\n\t\t<div class=\"container container-xs\">\n\n\t\t\t\n\n\t\t\t\n\t\t\t\t<div class=\"row snk-textColumns\">\n\t\t\t\t\t\n\t\t\t\t\t\t<div class=\"col col-12 snk-textColumn\">\n\t\t\t\t\t\t\t<div class=\"snk-textBlock\">\n\t\t\t\t\t\t\t\t\n\t\t\t\t\t\t\t\t\n\t\t\t\t\t\t\t\t\t\t\t\t\t\t\t\t\t<p>\u201eDas Investment bringt der Region \u00dast\u00ed nad Labem einen Mittelzufluss in Millionenh\u00f6he \u2013 nicht nur durch den Bau selbst, sondern auch durch begleitende Dienstleistungen, lokale Besch\u00e4ftigung und die langfristige Entwicklung der Region,\u201c sagt Milan Kratina, CEO von Accolade. \u201eWir arbeiten mit tschechischen Zulieferern und Partnern zusammen, sodass die Investitionsmittel im Land verbleiben. Projekte wie dieses entfalten einen Multiplikatoreffekt: Sie zeigen, dass starke Regionen die Grundlage f\u00fcr langfristigen Wohlstand und eine wettbewerbsf\u00e4hige Volkswirtschaft sind.\u201c<\/p>\n\t\t\t\t\t\t\t\t\n\t\t\t\t\t\t\t\t\t\t\t\t\t\t\t<\/div>\n\t\t\t\t\t\t<\/div>\n\n\t\t\t\t\t\t\n\t\t\t\t<\/div>\n\n\t\t\t\t\t\t\t\t\t<\/div>\n\t<\/section>\n\n\n\n\t<section class=\"snk-section snk-section_xs\" >\n\t\t<div class=\"container container-xs\">\n\n\t\t\t\n\n\t\t\t\n\t\t\t\t<div class=\"row snk-textColumns\">\n\t\t\t\t\t\n\t\t\t\t\t\t<div class=\"col col-12 snk-textColumn\">\n\t\t\t\t\t\t\t<div class=\"snk-textBlock\">\n\t\t\t\t\t\t\t\t\n\t\t\t\t\t\t\t\t\n\t\t\t\t\t\t\t\t\t\t\t\t\t\t\t\t\t<p>Der Baustart wurde Ende 2025 bekannt gegeben, der erste St\u00fctzpfeiler der neuen Lagerhalle ist bereits errichtet. K\u00fcnftiger Ankermieter ist das weltweit agierende Unternehmen Reckitt, ein f\u00fchrender Hersteller von Konsumg\u00fctern im Bereich Gesundheit, Hygiene und Haushaltspflege. Reckitt hat sich mit 35.000 Quadratmetern den Gro\u00dfteil der rund 55.000 Quadratmeter gro\u00dfen Lagerhalle gesichert. Mit weiteren potenziellen Nutzern laufen derzeit Gespr\u00e4che.<\/p>\n\t\t\t\t\t\t\t\t\n\t\t\t\t\t\t\t\t\t\t\t\t\t\t\t<\/div>\n\t\t\t\t\t\t<\/div>\n\n\t\t\t\t\t\t\n\t\t\t\t<\/div>\n\n\t\t\t\t\t\t\t\t\t<\/div>\n\t<\/section>\n\n\n\n\t<section class=\"snk-section snk-section_xs\" >\n\t\t<div class=\"container container-xs\">\n\n\t\t\t\n\n\t\t\t\n\t\t\t\t<div class=\"row snk-textColumns\">\n\t\t\t\t\t\n\t\t\t\t\t\t<div class=\"col col-12 snk-textColumn\">\n\t\t\t\t\t\t\t<div class=\"snk-textBlock\">\n\t\t\t\t\t\t\t\t\n\t\t\t\t\t\t\t\t\n\t\t\t\t\t\t\t\t\t\t\t\t\t\t\t\t\t<p>\u201eWir freuen uns, dass wir von Anfang an Investoren wie Accolade f\u00fcr unsere Projekte gewinnen konnten. Damit kn\u00fcpfen wir an den Erfolg der ersten Phase an, in der wir Fl\u00e4chen in Kl\u00e1\u0161terec nad Oh\u0159\u00ed entwickelt, vollst\u00e4ndig vermietet und k\u00fcrzlich ver\u00e4u\u00dfert haben\u201c, sagt Martin Pol\u00e1k, Gesch\u00e4ftsf\u00fchrer Central &#038; Eastern Europe bei GARBE. \u201eEs ist unser zweites Joint Venture mit Accolade und die erste gemeinsame Projektentwicklung. Ich kann mir gut vorstellen, dass das Projekt langfristig im Portfolio des Unternehmens bleiben wird.\u201c<\/p>\n\t\t\t\t\t\t\t\t\n\t\t\t\t\t\t\t\t\t\t\t\t\t\t\t<\/div>\n\t\t\t\t\t\t<\/div>\n\n\t\t\t\t\t\t\n\t\t\t\t<\/div>\n\n\t\t\t\t\t\t\t\t\t<\/div>\n\t<\/section>\n\n\n\n\t<section class=\"snk-section snk-section_xs\" >\n\t\t<div class=\"container container-xs\">\n\n\t\t\t\n\n\t\t\t\n\t\t\t\t<div class=\"row snk-textColumns\">\n\t\t\t\t\t\n\t\t\t\t\t\t<div class=\"col col-12 snk-textColumn\">\n\t\t\t\t\t\t\t<div class=\"snk-textBlock\">\n\t\t\t\t\t\t\t\t\n\t\t\t\t\t\t\t\t\n\t\t\t\t\t\t\t\t\t\t\t\t\t\t\t\t\t<p>Die moderne Lagerhalle erf\u00fcllt hohe technische Anforderungen. Sie hat eine lichte H\u00f6he von 12 Metern und verf\u00fcgt \u00fcber Ladetore sowie einen direkten Drive-in-Zugang. Der Standort profitiert von seiner strategisch g\u00fcnstigen Lage mit einer hervorragenden Verkehrsanbindung \u2013 so an die Autobahn D7 sowie schnellen Verbindungen zur Autobahn D8 im Norden und den Autobahnen D6 und D5 im S\u00fcden. Zudem ist er ideal an Deutschland, insbesondere Bayern und Sachsen, angebunden.<\/p>\n\t\t\t\t\t\t\t\t\n\t\t\t\t\t\t\t\t\t\t\t\t\t\t\t<\/div>\n\t\t\t\t\t\t<\/div>\n\n\t\t\t\t\t\t\n\t\t\t\t<\/div>\n\n\t\t\t\t\t\t\t\t\t<\/div>\n\t<\/section>\n\n\n\n\t<section class=\"snk-section snk-section_xs\" >\n\t\t<div class=\"container container-xs\">\n\n\t\t\t\n\n\t\t\t\n\t\t\t\t<div class=\"row snk-textColumns\">\n\t\t\t\t\t\n\t\t\t\t\t\t<div class=\"col col-12 snk-textColumn\">\n\t\t\t\t\t\t\t<div class=\"snk-textBlock\">\n\t\t\t\t\t\t\t\t\n\t\t\t\t\t\t\t\t\n\t\t\t\t\t\t\t\t\t\t\t\t\t\t\t\t\t<p>Damit ist der GARBE Park Kl\u00e1\u0161terec nad Oh\u0159\u00ed II besonders attraktiv f\u00fcr Unternehmen mit Verbindungen zum deutschen Markt. Au\u00dferdem eignet sich der Standort f\u00fcr Nutzer aus den Bereichen Logistik, Lagerhaltung, Produktion und E-Commerce. Der Park bietet hochwertige Industriefl\u00e4chen der Klasse A, LED-Beleuchtung, E-Ladestationen, eine begr\u00fcnte Fassade und Regenwassersp\u00fclung. Nachhaltigkeit spielt eine zentrale Rolle. Bereits ab dem Baustart erf\u00fcllt das Projekt ESG-Kriterien sowie die Vorgaben der EU-Taxonomie und der BREEAM-Zertifizierung. So wird sichergestellt, dass sowohl die Entwicklung als auch das fertige Geb\u00e4ude h\u00f6chsten ESG-Standards entsprechen.<\/p>\n\t\t\t\t\t\t\t\t\n\t\t\t\t\t\t\t\t\t\t\t\t\t\t\t<\/div>\n\t\t\t\t\t\t<\/div>\n\n\t\t\t\t\t\t\n\t\t\t\t<\/div>\n\n\t\t\t\t\t\t\t\t\t<\/div>\n\t<\/section>\n\n\n\n\t<section class=\"snk-section snk-section_noPadding\">\n\t\t<div class=\"container container-xs\">\n\t\t\t<div class=\"snk-media snk-media_image\">\n\n\t\t\t\t\t\t\t\t\t<img decoding=\"async\" data-src=\"https:\/\/assetphysics.com\/wp-content\/uploads\/2026\/01\/bildrechte_garbe_industrial_real_estate_czech_republic_s_r_o-scaled.jpg\" alt=\"Visualisierung GARBE Park Kl\u00e1\u0161terec\" title=\"Bildrechte: GARBE Industrial Real Estate Czech Republic s.r.o.\" src=\"data:image\/svg+xml;base64,PHN2ZyB3aWR0aD0iMSIgaGVpZ2h0PSIxIiB4bWxucz0iaHR0cDovL3d3dy53My5vcmcvMjAwMC9zdmciPjwvc3ZnPg==\" class=\"lazyload\" style=\"--smush-placeholder-width: 2560px; --smush-placeholder-aspect-ratio: 2560\/1440;\" \/>\n\t\t\t\t\t\t<div class=\"snk-media-caption\">Baufeld GARBE Park Kl\u00e1\u0161terec (Bildrechte: GARBE Industrial Real Estate Czech Republic s.r.o.)<\/div>\t\t\t<\/div>\n\n\t\t\t\t\t<\/div>\n\n\t\t\t<\/section>\n\t\n\n\n\t<section class=\"snk-section snk-section_noPadding\">\n\t\t<div class=\"container container-xs\">\n\t\t\t<div class=\"snk-media snk-media_image\">\n\n\t\t\t\t\t\t\t\t\t<img decoding=\"async\" data-src=\"https:\/\/assetphysics.com\/wp-content\/uploads\/2026\/01\/bildrechte_garbe_industrial_real_estate_czech_republic_s_r_o-2-scaled.jpg\" alt=\"Visualisierung GARBE Park Kl\u00e1\u0161terec\" title=\"Bildrechte: GARBE Industrial Real Estate Czech Republic s.r.o.\" src=\"data:image\/svg+xml;base64,PHN2ZyB3aWR0aD0iMSIgaGVpZ2h0PSIxIiB4bWxucz0iaHR0cDovL3d3dy53My5vcmcvMjAwMC9zdmciPjwvc3ZnPg==\" class=\"lazyload\" style=\"--smush-placeholder-width: 2560px; --smush-placeholder-aspect-ratio: 2560\/1440;\" \/>\n\t\t\t\t\t\t<div class=\"snk-media-caption\">Baufeld GARBE Park Kl\u00e1\u0161terec (Bildrechte: GARBE Industrial Real Estate Czech Republic s.r.o.)<\/div>\t\t\t<\/div>\n\n\t\t\t\t\t<\/div>\n\n\t\t\t<\/section>\n\t","protected":false},"excerpt":{"rendered":"<p>GARBE und Accolade entwickeln gemeinsam den Industriepark Kl\u00e1\u0161terec nad Oh\u0159\u00ed II in Tschechien. Der Park wird 55.000 Quadratmeter umfassen, mit einer Investition von \u00fcber 60 Millionen Euro. Reckitt ist der Hauptmieter.<\/p>\n","protected":false},"author":239,"featured_media":17748,"comment_status":"closed","ping_status":"closed","sticky":false,"template":"","format":"standard","meta":{"_acf_changed":false,"inline_featured_image":false,"_co_authors":[],"footnotes":""},"categories":[676,677,10],"tags":[],"type_content":[170],"class_list":["post-17753","post","type-post","status-publish","format-standard","has-post-thumbnail","hentry","category-cooperations","category-developments","category-real-estate","type_content-news"],"acf":{"homepage_featured_article":false},"_links":{"self":[{"href":"https:\/\/assetphysics.com\/de\/wp-json\/wp\/v2\/posts\/17753","targetHints":{"allow":["GET"]}}],"collection":[{"href":"https:\/\/assetphysics.com\/de\/wp-json\/wp\/v2\/posts"}],"about":[{"href":"https:\/\/assetphysics.com\/de\/wp-json\/wp\/v2\/types\/post"}],"author":[{"embeddable":true,"href":"https:\/\/assetphysics.com\/de\/wp-json\/wp\/v2\/users\/239"}],"replies":[{"embeddable":true,"href":"https:\/\/assetphysics.com\/de\/wp-json\/wp\/v2\/comments?post=17753"}],"version-history":[{"count":2,"href":"https:\/\/assetphysics.com\/de\/wp-json\/wp\/v2\/posts\/17753\/revisions"}],"predecessor-version":[{"id":17803,"href":"https:\/\/assetphysics.com\/de\/wp-json\/wp\/v2\/posts\/17753\/revisions\/17803"}],"wp:featuredmedia":[{"embeddable":true,"href":"https:\/\/assetphysics.com\/de\/wp-json\/wp\/v2\/media\/17748"}],"wp:attachment":[{"href":"https:\/\/assetphysics.com\/de\/wp-json\/wp\/v2\/media?parent=17753"}],"wp:term":[{"taxonomy":"category","embeddable":true,"href":"https:\/\/assetphysics.com\/de\/wp-json\/wp\/v2\/categories?post=17753"},{"taxonomy":"post_tag","embeddable":true,"href":"https:\/\/assetphysics.com\/de\/wp-json\/wp\/v2\/tags?post=17753"},{"taxonomy":"type_content","embeddable":true,"href":"https:\/\/assetphysics.com\/de\/wp-json\/wp\/v2\/type_content?post=17753"}],"curies":[{"name":"wp","href":"https:\/\/api.w.org\/{rel}","templated":true}]}}