{"id":17994,"date":"2026-01-26T07:48:57","date_gmt":"2026-01-26T07:48:57","guid":{"rendered":"https:\/\/assetphysics.com\/?p=17994"},"modified":"2026-01-26T07:48:57","modified_gmt":"2026-01-26T07:48:57","slug":"koe-galerie-duesseldorf-q-park-uebernimmt-betrieb-der-parkgarage","status":"publish","type":"post","link":"https:\/\/assetphysics.com\/de\/koe-galerie-duesseldorf-q-park-uebernimmt-betrieb-der-parkgarage\/","title":{"rendered":"K\u00d6 Galerie D\u00fcsseldorf: Q-Park \u00fcbernimmt Betrieb der Parkgarage"},"content":{"rendered":"\n\t<section class=\"snk-section snk-section_xs\" >\n\t\t<div class=\"container container-xs\">\n\n\t\t\t\n\n\t\t\t\n\t\t\t\t<div class=\"row snk-textColumns\">\n\t\t\t\t\t\n\t\t\t\t\t\t<div class=\"col col-12 snk-textColumn\">\n\t\t\t\t\t\t\t<div class=\"snk-textBlock\">\n\t\t\t\t\t\t\t\t\n\t\t\t\t\t\t\t\t\n\t\t\t\t\t\t\t\t\t\t\t\t\t\t\t\t\t<p><strong>Das Redevelopment der K\u00d6 Galerie in D\u00fcsseldorf erreicht einen weiteren Meilenstein. Mit Q-Park als neuem Betreiber der Parkgarage wird das Parkerlebnis ab sofort noch digitaler und komfortabler.<\/strong><\/p>\n\t\t\t\t\t\t\t\t\n\t\t\t\t\t\t\t\t\t\t\t\t\t\t\t<\/div>\n\t\t\t\t\t\t<\/div>\n\n\t\t\t\t\t\t\n\t\t\t\t<\/div>\n\n\t\t\t\t\t\t\t\t\t<\/div>\n\t<\/section>\n\n\n\n\t<section class=\"snk-section snk-section_xs\" >\n\t\t<div class=\"container container-xs\">\n\n\t\t\t\n\n\t\t\t\n\t\t\t\t<div class=\"row snk-textColumns\">\n\t\t\t\t\t\n\t\t\t\t\t\t<div class=\"col col-12 snk-textColumn\">\n\t\t\t\t\t\t\t<div class=\"snk-textBlock\">\n\t\t\t\t\t\t\t\t\n\t\t\t\t\t\t\t\t\n\t\t\t\t\t\t\t\t\t\t\t\t\t\t\t\t\t<p>Im Rahmen des laufenden Redevelopments der K\u00d6 Galerie in D\u00fcsseldorf ist nach den j\u00fcngsten Vermietungserfolgen im Gewerbebereich mit Q-Park nun auch ein neuer Betreiber f\u00fcr die Gro\u00dfgarage unterhalb der K\u00d6 Galerie gefunden. Q-Park hat das 800 Stellpl\u00e4tze umfassende und in den Jahren 2023\/2024 aufw\u00e4ndig modernisierte Parkobjekt zum Januar 2026 \u00fcbernommen. Im Zuge der Betriebs\u00fcbernahme wird die Garage mit moderner Parkierungstechnik und E-Ladeinfrastruktur ausgestattet und erh\u00e4lt zudem ein zeitgem\u00e4\u00dfes Orientierungssystem. Zus\u00e4tzlich werden im Rahmen des Redevelopments die Zug\u00e4nge zur Garage modernisiert.<\/p>\n\t\t\t\t\t\t\t\t\n\t\t\t\t\t\t\t\t\t\t\t\t\t\t\t<\/div>\n\t\t\t\t\t\t<\/div>\n\n\t\t\t\t\t\t\n\t\t\t\t<\/div>\n\n\t\t\t\t\t\t\t\t\t<\/div>\n\t<\/section>\n\n\n\n\t<section class=\"snk-section snk-section_xs\" >\n\t\t<div class=\"container container-xs\">\n\n\t\t\t\n\n\t\t\t\n\t\t\t\t<div class=\"row snk-textColumns\">\n\t\t\t\t\t\n\t\t\t\t\t\t<div class=\"col col-12 snk-textColumn\">\n\t\t\t\t\t\t\t<div class=\"snk-textBlock\">\n\t\t\t\t\t\t\t\t\n\t\t\t\t\t\t\t\t\n\t\t\t\t\t\t\t\t\t\t\t\t\t\t\t\t\t<p>\u201eWir hei\u00dfen Q-Park ganz herzlich in der K\u00d6 Galerie willkommen. Gemeinsam werden wir das Parkerlebnis in der K\u00d6 Galerie auf das n\u00e4chste Level heben. Solche Betriebsoptimierungen haben f\u00fcr uns oberste Priorit\u00e4t und zahlen auf unsere ganzheitliche Strategie als Asset- und Vermietungsmanager ein\u201c, sagt Daniel J. Gedack, Gesch\u00e4ftsf\u00fchrer von Quantum.<\/p>\n\t\t\t\t\t\t\t\t\n\t\t\t\t\t\t\t\t\t\t\t\t\t\t\t<\/div>\n\t\t\t\t\t\t<\/div>\n\n\t\t\t\t\t\t\n\t\t\t\t<\/div>\n\n\t\t\t\t\t\t\t\t\t<\/div>\n\t<\/section>\n\n\n\n\t<section class=\"snk-section snk-section_xs\" >\n\t\t<div class=\"container container-xs\">\n\n\t\t\t\n\n\t\t\t\n\t\t\t\t<div class=\"row snk-textColumns\">\n\t\t\t\t\t\n\t\t\t\t\t\t<div class=\"col col-12 snk-textColumn\">\n\t\t\t\t\t\t\t<div class=\"snk-textBlock\">\n\t\t\t\t\t\t\t\t\n\t\t\t\t\t\t\t\t\n\t\t\t\t\t\t\t\t\t\t\t\t\t\t\t\t\t<p>\u201eWir freuen uns, mit diesem Parkobjekt in erstklassiger Lage unsere Pr\u00e4senz in D\u00fcsseldorf zu st\u00e4rken und auch hier neue Ma\u00dfst\u00e4be f\u00fcr smartes und digitales Parken zu setzen. Unsere Mission ist es, das Parken f\u00fcr Kund:innen komfortabler, effizienter und innovativ zu gestalten\u201c, sagt Frank Meyer, Gesch\u00e4ftsf\u00fchrer Q-Park Operations Germany GmbH &#038; Co. KG.<\/p>\n\t\t\t\t\t\t\t\t\n\t\t\t\t\t\t\t\t\t\t\t\t\t\t\t<\/div>\n\t\t\t\t\t\t<\/div>\n\n\t\t\t\t\t\t\n\t\t\t\t<\/div>\n\n\t\t\t\t\t\t\t\t\t<\/div>\n\t<\/section>\n\n\n\n\t<section class=\"snk-section snk-section_xs\" >\n\t\t<div class=\"container container-xs\">\n\n\t\t\t\n\n\t\t\t\n\t\t\t\t<div class=\"row snk-textColumns\">\n\t\t\t\t\t\n\t\t\t\t\t\t<div class=\"col col-12 snk-textColumn\">\n\t\t\t\t\t\t\t<div class=\"snk-textBlock\">\n\t\t\t\t\t\t\t\t\n\t\t\t\t\t\t\t\t\n\t\t\t\t\t\t\t\t\t\t\t\t\t\t\t\t\t<p>PIMCO Prime Real Estate steuert die langfristige Strategie der Immobilie und beauftragte Quantum im September 2024 mit der Modernisierung sowie dem Asset- und Vermietungsmanagement der K\u00d6 Galerie.<\/p>\n\t\t\t\t\t\t\t\t\n\t\t\t\t\t\t\t\t\t\t\t\t\t\t\t<\/div>\n\t\t\t\t\t\t<\/div>\n\n\t\t\t\t\t\t\n\t\t\t\t<\/div>\n\n\t\t\t\t\t\t\t\t\t<\/div>\n\t<\/section>\n\n\n\n\t<section class=\"snk-section snk-section_xs\" >\n\t\t<div class=\"container container-xs\">\n\n\t\t\t\n\n\t\t\t\n\t\t\t\t<div class=\"row snk-textColumns\">\n\t\t\t\t\t\n\t\t\t\t\t\t<div class=\"col col-12 snk-textColumn\">\n\t\t\t\t\t\t\t<div class=\"snk-textBlock\">\n\t\t\t\t\t\t\t\t\n\t\t\t\t\t\t\t\t\n\t\t\t\t\t\t\t\t\t\t\t\t\t\t\t\t\t<p>\u201eDie von uns erarbeiteten Sanierungspl\u00e4ne f\u00fcr die Immobilie beinhalten die Modernisierung der B\u00fcrofl\u00e4chen, hochwertige Verbesserungen im Einzelhandel sowie weitere Ma\u00dfnahmen, die darauf abzielen, die Nachhaltigkeit und den Komfort zu erh\u00f6hen. Die Einbindung von Q-Park als Betreiber der Parkeinrichtungen wird das positive Nutzererlebnis der K\u00d6 Galerie weiter verbessern und die langfristige Widerstandsf\u00e4higkeit der Immobilie im Sinne unserer Investoren st\u00e4rken\u201c, sagt Johannes Boventer, Leiter Deutschland und \u00d6sterreich bei PIMCO Prime Real Estate.<\/p>\n\t\t\t\t\t\t\t\t\n\t\t\t\t\t\t\t\t\t\t\t\t\t\t\t<\/div>\n\t\t\t\t\t\t<\/div>\n\n\t\t\t\t\t\t\n\t\t\t\t<\/div>\n\n\t\t\t\t\t\t\t\t\t<\/div>\n\t<\/section>\n\n\n\n\t<section class=\"snk-section snk-section_xs\" >\n\t\t<div class=\"container container-xs\">\n\n\t\t\t\n\n\t\t\t\n\t\t\t\t<div class=\"row snk-textColumns\">\n\t\t\t\t\t\n\t\t\t\t\t\t<div class=\"col col-12 snk-textColumn\">\n\t\t\t\t\t\t\t<div class=\"snk-textBlock\">\n\t\t\t\t\t\t\t\t\n\t\t\t\t\t\t\t\t\n\t\t\t\t\t\t\t\t\t\t\t\t\t\t\t\t\t<p>Die Fertigstellung des Redevelopments der K\u00d6 Galerie ist f\u00fcr das zweite Quartal 2028 geplant.<\/p>\n\t\t\t\t\t\t\t\t\n\t\t\t\t\t\t\t\t\t\t\t\t\t\t\t<\/div>\n\t\t\t\t\t\t<\/div>\n\n\t\t\t\t\t\t\n\t\t\t\t<\/div>\n\n\t\t\t\t\t\t\t\t\t<\/div>\n\t<\/section>\n\n\n\n\t<section class=\"snk-section snk-section_noPadding\">\n\t\t<div class=\"container container-xs\">\n\t\t\t<div class=\"snk-media snk-media_image\">\n\n\t\t\t\t\t\t\t\t\t<img decoding=\"async\" data-src=\"https:\/\/assetphysics.com\/wp-content\/uploads\/2026\/01\/foto_frei_fuer_redaktionelle_zwecke_bei_quellennennung_carsten_bruegmann.jpg\" alt=\"K\u00d6 Galerie in D\u00fcsseldorf\" title=\"Foto frei f\u00fcr redaktionelle Zwecke bei Quellennennung: \u00a9 Carsten Br\u00fcgmann\" src=\"data:image\/svg+xml;base64,PHN2ZyB3aWR0aD0iMSIgaGVpZ2h0PSIxIiB4bWxucz0iaHR0cDovL3d3dy53My5vcmcvMjAwMC9zdmciPjwvc3ZnPg==\" class=\"lazyload\" style=\"--smush-placeholder-width: 1334px; --smush-placeholder-aspect-ratio: 1334\/2000;\" \/>\n\t\t\t\t\t\t<div class=\"snk-media-caption\">K\u00d6 Galerie in D\u00fcsseldorf (\u00a9 Carsten Br\u00fcgmann)<\/div>\t\t\t<\/div>\n\n\t\t\t\t\t<\/div>\n\n\t\t\t<\/section>\n\t","protected":false},"excerpt":{"rendered":"<p>Die K\u00d6 Galerie in D\u00fcsseldorf hat mit Q-Park einen neuen Betreiber f\u00fcr ihre Parkgarage gewonnen. Ab Januar 2026 wird das Parken in der modernisierten Garage digitaler und komfortabler gestaltet, w\u00e4hrend die Fertigstellung der gesamten Galerie f\u00fcr 2028 geplant ist.<\/p>\n","protected":false},"author":79,"featured_media":17988,"comment_status":"closed","ping_status":"closed","sticky":false,"template":"","format":"standard","meta":{"_acf_changed":false,"inline_featured_image":false,"_co_authors":[],"footnotes":""},"categories":[676,677,10],"tags":[],"type_content":[170],"class_list":["post-17994","post","type-post","status-publish","format-standard","has-post-thumbnail","hentry","category-cooperations","category-developments","category-real-estate","type_content-news"],"acf":{"homepage_featured_article":false},"_links":{"self":[{"href":"https:\/\/assetphysics.com\/de\/wp-json\/wp\/v2\/posts\/17994","targetHints":{"allow":["GET"]}}],"collection":[{"href":"https:\/\/assetphysics.com\/de\/wp-json\/wp\/v2\/posts"}],"about":[{"href":"https:\/\/assetphysics.com\/de\/wp-json\/wp\/v2\/types\/post"}],"author":[{"embeddable":true,"href":"https:\/\/assetphysics.com\/de\/wp-json\/wp\/v2\/users\/79"}],"replies":[{"embeddable":true,"href":"https:\/\/assetphysics.com\/de\/wp-json\/wp\/v2\/comments?post=17994"}],"version-history":[{"count":3,"href":"https:\/\/assetphysics.com\/de\/wp-json\/wp\/v2\/posts\/17994\/revisions"}],"predecessor-version":[{"id":18022,"href":"https:\/\/assetphysics.com\/de\/wp-json\/wp\/v2\/posts\/17994\/revisions\/18022"}],"wp:featuredmedia":[{"embeddable":true,"href":"https:\/\/assetphysics.com\/de\/wp-json\/wp\/v2\/media\/17988"}],"wp:attachment":[{"href":"https:\/\/assetphysics.com\/de\/wp-json\/wp\/v2\/media?parent=17994"}],"wp:term":[{"taxonomy":"category","embeddable":true,"href":"https:\/\/assetphysics.com\/de\/wp-json\/wp\/v2\/categories?post=17994"},{"taxonomy":"post_tag","embeddable":true,"href":"https:\/\/assetphysics.com\/de\/wp-json\/wp\/v2\/tags?post=17994"},{"taxonomy":"type_content","embeddable":true,"href":"https:\/\/assetphysics.com\/de\/wp-json\/wp\/v2\/type_content?post=17994"}],"curies":[{"name":"wp","href":"https:\/\/api.w.org\/{rel}","templated":true}]}}