{"id":18308,"date":"2026-01-28T07:39:42","date_gmt":"2026-01-28T07:39:42","guid":{"rendered":"https:\/\/assetphysics.com\/?p=18308"},"modified":"2026-01-28T08:55:02","modified_gmt":"2026-01-28T08:55:02","slug":"cureus-und-amando-legen-grundstein-fuer-seniorenresidenz-in-gladbeck-brauck-mit-118-pflegeplaetzen","status":"publish","type":"post","link":"https:\/\/assetphysics.com\/de\/cureus-und-amando-legen-grundstein-fuer-seniorenresidenz-in-gladbeck-brauck-mit-118-pflegeplaetzen\/","title":{"rendered":"Cureus und Amando legen Grundstein f\u00fcr Seniorenresidenz in Gladbeck-Brauck mit 118 Pflegepl\u00e4tzen"},"content":{"rendered":"\n\t<section class=\"snk-section snk-section_xs\" >\n\t\t<div class=\"container container-xs\">\n\n\t\t\t\n\n\t\t\t\n\t\t\t\t<div class=\"row snk-textColumns\">\n\t\t\t\t\t\n\t\t\t\t\t\t<div class=\"col col-12 snk-textColumn\">\n\t\t\t\t\t\t\t<div class=\"snk-textBlock\">\n\t\t\t\t\t\t\t\t\n\t\t\t\t\t\t\t\t\n\t\t\t\t\t\t\t\t\t\t\t\t\t\t\t\t\t<p><span data-olk-copy-source=\"MessageBody\">Cureus, ein auf station\u00e4re Pflegeimmobilien spezialisierter Bestandshalter, der f\u00fcr sein eigenes Portfolio neu baut und dieses aktiv managt, legte gestern gemeinsam mit dem k\u00fcnftigen Betreiber Amando Seniorenresidenzen, einer Marke der Pflegemotive, den Grundstein f\u00fcr die Seniorenresidenz in Gladbeck-Brauck. Die Zeremonie fand im Beisein von Gladbecks B\u00fcrgermeisterin Bettina Weist statt. Ebenfalls waren Vertreter aus der Verwaltung sowie von Seiten des Betreibers und des Bauherren und Nachbarn vor Ort. Neben dem eigentlichen Festakt mit feierlicher Versenkung der Zeitkapsel, wurden den rund 40 Teilnehmern auch vertiefende Informationen zur neu entstehenden Seniorenresidenz und erste Einblicke in die Baustelle pr\u00e4sentiert. F\u00fcr das leibliche Wohl war bestens gesorgt. Cureus fungiert bei diesem Projekt selbst als Generalunternehmer f\u00fcr die Bauabwicklung. Der Neubau entsteht an der Horster Stra\u00dfe 216 in 45968 Gladbeck (Nordrhein-Westfalen).<\/span><\/p>\n<p>\u201eAuf dem Areal laufen seit Sommer letzten Jahres bereits erfolgreich die Bauarbeiten f\u00fcr die moderne Seniorenresidenz. Nach dem Abriss der Stadtvilla sind das Kellergeschoss und die Bodenplatte\u00a0 fertiggestellt, so dass wir hier nun die offizielle Grundsteinlegung an passender Stelle abhalten k\u00f6nnen\u201c, erl\u00e4utert Kathrin Ufken, Projektleiterin der Cureus, und f\u00fcgt hinzu: \u201eWir w\u00fcnschen allen am Bau Beteiligten auch weiterhin gutes Gelingen und planen nach rund eineinhalb Jahren Gesamtbauzeit zum Jahreswechsel 2026\/2027 die \u00dcbergabe an unseren professionellen Betreiberpartner Amando.\u201c<\/p>\n<p>Auch Jacek Michalak, Gesch\u00e4ftsf\u00fchrer der Amando Seniorenresidenzen zeigt sich begeistert: \u201eWir sind eine junge Marke aus der Gruppe der Pflegemotive, haben aber sehr viel Erfahrung im Team. In Gladbeck entsteht nun einer unserer ersten beiden Residenzstandorte, ein weiterer Standort wird seit dem letzten Sommer in Oberhausen realisiert. An beiden Standorten und in ihrer Umgebung sehen wir k\u00fcnftig einen steigenden Bedarf an Pflegepl\u00e4tzen und freuen uns sehr \u00fcber diese neu entstehenden Residenzen.\u00a0 An unseren neuen Standorten vereinen wir langj\u00e4hrige Erfahrung mit fundiertem Fachwissen, um hochwertige Lebensr\u00e4ume f\u00fcr unsere zuk\u00fcnftigen Bewohnerinnen und Bewohner, sowie attraktive und moderne Arbeitspl\u00e4tze f\u00fcr unsere zuk\u00fcnftigen Mitarbeitenden entstehen zu lassen. W\u00e4hrend unsere hauseigene K\u00fcche t\u00e4glich f\u00fcr frische, kulinarische Vielfalt sorgt, setzen wir in der Pflege und Betreuung auf fachliche und individuelle Versorgung. Die moderne und hochwertige Ausstattung der Residenz hilft unseren zuk\u00fcnftigen Bewohnerinnen und Bewohnern ein neues Zuhause zu finden. Die Moderne Ausstattung der Arbeitspl\u00e4tze sowie der Einsatz digitaler L\u00f6sungen unterst\u00fctzen unsere zuk\u00fcnftigen Mitarbeitenden bei ihrer anspruchsvollen T\u00e4tigkeit in unseren Residenzen\u201c, so Michalak weiter.<\/p>\n<p><strong>Leben und Arbeiten in der Amando Seniorenresidenz Gladbeck-Brauck<\/strong><\/p>\n<p>Interessenten f\u00fcr Pflegepl\u00e4tze k\u00f6nnen sich bereits bei Amando Seniorenresidenzen unter\u00a0<a title=\"https:\/\/u7061146.ct.sendgrid.net\/ls\/click?upn=u001.b00YhNV2Nr0-2BaZn7eVNAdaKX2xQJfD1g0q3pNoyEMO9kAM-2BQzX3u-2BBwvuTk4lDPwuREd_pLWLS52D16BvkgbJ8ee3XlyktgWjMDzgpPFVAhmULxtYr-2FN1NLn9-2FqpuZL3F6wD6-2FqFrG3MguGGbe9Ei51YZS10MsGF3tcK2FVue9jV1uGYSsWGylOzfpB4TrVS8Z7AXpsMm3hMyATtrBPf82vNORkKFCvJB0a1HyIt3AejkarhzqX-2FiLZJqRAnJ8LdILhvUaTLr6PsW1aE18aEPStVmMXVEPDzTQDg3MClJEcit3gcFdJy7SZDX-2FMyq2EticmrzX7HG0TbV1j0OhEElT-2BJoHDxAxX0IJjeDBZheF8z5X4gCUoPseXpFZd3YHR6trAbiC9Be3WJfE8KRU-2BHmfpUk6Q-3D-3D\" href=\"https:\/\/u7061146.ct.sendgrid.net\/ls\/click?upn=u001.b00YhNV2Nr0-2BaZn7eVNAdaKX2xQJfD1g0q3pNoyEMO9kAM-2BQzX3u-2BBwvuTk4lDPwuREd_pLWLS52D16BvkgbJ8ee3XlyktgWjMDzgpPFVAhmULxtYr-2FN1NLn9-2FqpuZL3F6wD6-2FqFrG3MguGGbe9Ei51YZS10MsGF3tcK2FVue9jV1uGYSsWGylOzfpB4TrVS8Z7AXpsMm3hMyATtrBPf82vNORkKFCvJB0a1HyIt3AejkarhzqX-2FiLZJqRAnJ8LdILhvUaTLr6PsW1aE18aEPStVmMXVEPDzTQDg3MClJEcit3gcFdJy7SZDX-2FMyq2EticmrzX7HG0TbV1j0OhEElT-2BJoHDxAxX0IJjeDBZheF8z5X4gCUoPseXpFZd3YHR6trAbiC9Be3WJfE8KRU-2BHmfpUk6Q-3D-3D\" data-auth=\"NotApplicable\" data-linkindex=\"0\" target=\"_blank\" rel=\"noopener\"><u>www.amando-pflege.de<\/u><\/a>\u00a0informieren und unter Tel. 0234 51677240 oder\u00a0<a title=\"mailto:kontakt@amando-pflege.de\" href=\"mailto:kontakt@amando-pflege.de\" data-linkindex=\"1\"><u>kontakt@amando-pflege.de<\/u><\/a>\u00a0vormerken lassen.<\/p>\n<p>In Gladbeck-Brauck werden mit der neuen Seniorenresidenz zudem \u00fcber 100 neue, krisenfeste Arbeitspl\u00e4tze in Voll- und Teilzeit in den Bereichen Pflege, Verwaltung sowie Hauswirtschaft und -technik entstehen. F\u00fcr unsere qualifizierten und engagierten Mitarbeitenden werden wir auch an diesem Standort eine teamorientierte Arbeitsatmosph\u00e4re schaffen, in der sie sich auch pers\u00f6nlich weiterentwickeln k\u00f6nnen. Interessierte Bewerber k\u00f6nnen sich ab sofort unter Tel. 0234 51677240 oder\u00a0<a title=\"mailto:bewerbung@amando-pflege.de\" href=\"mailto:bewerbung@amando-pflege.de\" data-linkindex=\"2\"><u>bewerbung@amando-pflege.de<\/u><\/a>\u00a0melden.<\/p>\n<p><strong>Moderne Seniorenresidenz nachhaltig gedacht \u2013 Restaurant, Friseur, Wellness- &amp; Pflegebad, W\u00e4scherei, Kamin-Lounge mit Bibliothek und Therapieraum im Geb\u00e4ude<\/strong><\/p>\n<p>Auf dem rd. 3.390 Quadratmeter gro\u00dfen Grundst\u00fcck im Karree Theodorstra\u00dfe\/ Johannastra\u00dfe\/Horster Stra\u00dfe, wird sich k\u00fcnftig ein in etwa L-f\u00f6rmiges Geb\u00e4ude erstrecken, das sich zu einem gr\u00fcnen, parkartig angelegten Innenhof \u00f6ffnet. Der gesamte Komplex der Seniorenresidenz Gladbeck-Brauck wurde barrierefrei und nach hohen energetisch optimierten Anforderungen des KfW-55KNN-Standards geplant. Die Beheizung wird umweltfreundlich \u00fcber eine W\u00e4rmepumpe erfolgen und eine Solaranlage mit 349 Modulen erzeugt zus\u00e4tzlich gr\u00fcnen Strom auf dem extensiv begr\u00fcnten Flachdach. Auch wird sich das Geb\u00e4ude gestalterisch besonders auf sein Umfeld einstellen: Insbesondere die geradlinige Kubatur mit einer Mischung aus rotem und sandsteinfarbenem Klinker und mehrfach graustufigem Putz wird einen Blickfang schaffen.<\/p>\n<p>Die Residenz wird \u00fcber rd. 7.140 Quadratmeter Bruttogrundfl\u00e4che in einem Teilkeller sowie auf vier Vollgeschossen verf\u00fcgen. Sie wird Bewohner und G\u00e4ste mit einer hotelartig gestalteten Lobby, mit einer Kamin-Lounge und Bibliothek empfangen. Ein Wellness- &amp; Pflegebad, ein Friseur, Therapier\u00e4umlichkeiten und die hauseigene W\u00e4scherei erg\u00e4nzen das Leistungsangebot. Die Sonnenterrasse des auch die Nachbarschaft zug\u00e4nglichen Restaurants wird eine angenehme Verbindung in die park\u00e4hnlich gestalteten Au\u00dfenanalgen schaffen.<\/p>\n<p>Die Bewohner erwarten 118 helle, ger\u00e4umige Einzelzimmer f\u00fcr station\u00e4re Pflege mit eigenem Bad nach modernstem Standard, der neben dem Schwesternruf auch jeweils einen eigenen Telefon-, Internet- und Fernsehanschluss umfasst. 111 Zimmer \u2013 das entspricht 95 Prozent \u2013 werden rollstuhlgerecht ausgebaut. Eine eigene, individuelle M\u00f6blierung der Zimmer wird m\u00f6glich sein, um eine Wohlf\u00fchl-Atmosph\u00e4re und einen privaten R\u00fcckzugsort zu schaffen. Die Aufteilung in sieben Wohngruppen mit jeweils eigenem Aufenthaltsraum mit Wohnk\u00fcche und Terrasse oder Balkon soll f\u00fcr eine h\u00e4uslich-famili\u00e4re Atmosph\u00e4re sorgen.<\/p>\n<p><strong>Idealer Standort und hohe Bauqualit\u00e4t<\/strong><\/p>\n<p>Der Standort der Seniorenresidenz liegt zentral im Gladbecker Stadtteil Brauck und ist umgeben von einem gewachsenen Wohngebiet. Der Nattbach und das Naturschutzgebiet Natroper Feld sind fu\u00dfl\u00e4ufig entfernt, auch der Sportpark Mottbruch und der S\u00fcdpark sind nahe. Ebenfalls liegen auch Einkaufsm\u00f6glichkeiten, \u00c4rzte und soziale Einrichtungen in der Umgebung. Das Zentrum Gladbecks mit weiteren Caf\u00e9s, Kirche, kulturellen Angeboten und dem Bahnhof ist von der nahen Bushaltestelle aus genauso gut zu erreichen, wie die St\u00e4dte und Gemeinden der Umgebung.<\/p>\n<p>Auf dem Gel\u00e4nde der Seniorenresidenz ist eine park\u00e4hnliche Au\u00dfenanlage geplant. Sie wird mit Rundwegen, verschatteten Ruhezonen und regionaler Bepflanzung aus Laub- und Obstgeh\u00f6lzen als Treffpunkt dienen und zur Bewegung und zum Verweilen im Freien einladen. Ferner sollen zehn Pkw-Stellpl\u00e4tze mit Infrastruktur f\u00fcr E-Mobilit\u00e4t auf dem Grundst\u00fcck entstehen, einer davon behindertengerecht, sowie 16 Fahrradstellpl\u00e4tze. Somit ist eine sehr gute Erreichbarkeit f\u00fcr Besucher, Bewohner und das Pflegepersonal sichergestellt.<\/p>\n<p>Der Neubau entsteht entsprechend dem Cureus-Standard der Systempflegeimmobilie. Dieser setzt auf einheitliche, hohe Qualit\u00e4tsma\u00dfst\u00e4be und orientiert sich unter anderem an den Bed\u00fcrfnissen der Betreiber mit Fokus auf die Bewohner und das Pflegepersonal. So sind die baulichen Prozesse und alle Objekte von innen nach au\u00dfen optimiert: Dies betrifft beispielsweise die Gr\u00f6\u00dfe und Anordnung von R\u00e4umen zur Optimierung von Fl\u00e4chen und Laufwegen. Auch die bauseitige Ausstattung ist unter Nutzenaspekten durchdacht: Flure erhalten grunds\u00e4tzlich Tageslicht, jedes Zimmer verf\u00fcgt \u00fcber bodentiefe Fenster und die modernen B\u00e4der und Fensteranordnungen folgen dem immer gleichen standardisierten Systemansatz. Bei der Architektur und Fassadengestaltung wird dennoch gro\u00dfer Wert auf Individualit\u00e4t und h\u00f6chste Qualit\u00e4t gelegt, um sich in das jeweilige Projektumfeld optimal einzupassen. Auch nachhaltige Aspekte spielen eine wesentliche Rolle, so wird beispielsweise f\u00fcr alle Objekte ein energieeffizienter KfW-Standard angestrebt. Die geb\u00fcndelte Beschaffung, unter anderem von Bodenbel\u00e4gen oder Aufzugsanlagen, sorgt ferner f\u00fcr Kostensynergien. Langfristige, mehrere Objekte umfassende Wartungsvertr\u00e4ge reduzieren zus\u00e4tzlich die Kosten des sp\u00e4teren Betreibers. Durch die st\u00e4ndige \u00dcberpr\u00fcfung und Optimierung dieses Systemansatzes kann die Erstellung bedarfsgerechter Immobilien garantiert werden.<\/p>\n\t\t\t\t\t\t\t\t\n\t\t\t\t\t\t\t\t\t\t\t\t\t\t\t<\/div>\n\t\t\t\t\t\t<\/div>\n\n\t\t\t\t\t\t\n\t\t\t\t<\/div>\n\n\t\t\t\t\t\t\t\t\t<\/div>\n\t<\/section>\n\n\n\n\t<section class=\"snk-section snk-section_noPadding\">\n\t\t<div class=\"container container-xs\">\n\t\t\t<div class=\"snk-media snk-media_image\">\n\n\t\t\t\t\t\t\t\t\t<img decoding=\"async\" data-src=\"https:\/\/assetphysics.com\/wp-content\/uploads\/2026\/01\/2026_01_27_Foto_Cureus_Amando_SR_Gladbeck_Grundstein2_by_M.J._Krajza-scaled.jpeg\" alt=\"Grundsteinlegung Amando Seniorenresidenz Gladbeck-Brauck, v.l.n.r. Bettina Weist (B\u00fcrgermeisterin Gladbeck), Kathrin Ufken (Projektleiterin Cureus), Jacek Michalak (Gesch\u00e4ftsf\u00fchrer Amando), Udo Schr\u00f6der (Bauleiter Cureus), Nordrhein-Westfalen, ein Projekt der Cureus Urheber: Michael Josef Krajza\" title=\"2026_01_27_Foto_Cureus_Amando_SR_Gladbeck_Grundstein2_by_M.J._Krajza\" src=\"data:image\/svg+xml;base64,PHN2ZyB3aWR0aD0iMSIgaGVpZ2h0PSIxIiB4bWxucz0iaHR0cDovL3d3dy53My5vcmcvMjAwMC9zdmciPjwvc3ZnPg==\" class=\"lazyload\" style=\"--smush-placeholder-width: 2560px; --smush-placeholder-aspect-ratio: 2560\/1920;\" \/>\n\t\t\t\t\t\t<div class=\"snk-media-caption\">Grundsteinlegung Amando Seniorenresidenz Gladbeck-Brauck, v.l.n.r. Bettina Weist (B\u00fcrgermeisterin Gladbeck), Kathrin Ufken (Projektleiterin Cureus), Jacek Michalak (Gesch\u00e4ftsf\u00fchrer Amando), Udo Schr\u00f6der (Bauleiter Cureus), Nordrhein-Westfalen, ein Projekt der Cureus Urheber: Michael Josef Krajza<\/div>\t\t\t<\/div>\n\n\t\t\t\t\t<\/div>\n\n\t\t\t<\/section>\n\t\n\n\n\t<section class=\"snk-section snk-section_noPadding\">\n\t\t<div class=\"container container-xs\">\n\t\t\t<div class=\"snk-media snk-media_image\">\n\n\t\t\t\t\t\t\t\t\t<img decoding=\"async\" data-src=\"https:\/\/assetphysics.com\/wp-content\/uploads\/2026\/01\/2025_XX_XX_VIS_Cureus_SR_Gladbeck-BRauck_Ostansicht_by_J.SIebert_SKAI-scaled.jpg\" alt=\"Visualisierung Amando Seniorenresidenz Gladbeck-Brauck, Ansicht von Osten, Nordrhein-Westfalen, ein Projekt der Cureus Urheber: Jasper Siebert, SKAI Siemers Kramer Architekten Ingenieure\" title=\"2025_XX_XX_VIS_Cureus_SR_Gladbeck-BRauck_Ostansicht_by_J.SIebert_SKAI\" src=\"data:image\/svg+xml;base64,PHN2ZyB3aWR0aD0iMSIgaGVpZ2h0PSIxIiB4bWxucz0iaHR0cDovL3d3dy53My5vcmcvMjAwMC9zdmciPjwvc3ZnPg==\" class=\"lazyload\" style=\"--smush-placeholder-width: 2560px; --smush-placeholder-aspect-ratio: 2560\/1440;\" \/>\n\t\t\t\t\t\t<div class=\"snk-media-caption\">Visualisierung Amando Seniorenresidenz Gladbeck-Brauck, Ansicht von Osten, Nordrhein-Westfalen, ein Projekt der Cureus Urheber: Jasper Siebert, SKAI Siemers Kramer Architekten Ingenieure<\/div>\t\t\t<\/div>\n\n\t\t\t\t\t<\/div>\n\n\t\t\t<\/section>\n\t\n\n\n\t<section class=\"snk-section snk-section_noPadding\">\n\t\t<div class=\"container container-xs\">\n\t\t\t<div class=\"snk-media snk-media_image\">\n\n\t\t\t\t\t\t\t\t\t<img decoding=\"async\" data-src=\"https:\/\/assetphysics.com\/wp-content\/uploads\/2026\/01\/2025_XX_XX_VIS_Cureus_SR_Gladbeck-BRauck_Westansicht_by_J.SIebert_SKAI-scaled.jpg\" alt=\"Visualisierung Amando Seniorenresidenz Gladbeck-Brauck, Ansicht von Westen, Nordrhein-Westfalen, ein Projekt der Cureus Urheber: Jasper Siebert, SKAI Siemers Kramer Architekten Ingenieure\" title=\"2025_XX_XX_VIS_Cureus_SR_Gladbeck-BRauck_Westansicht_by_J.SIebert_SKAI\" src=\"data:image\/svg+xml;base64,PHN2ZyB3aWR0aD0iMSIgaGVpZ2h0PSIxIiB4bWxucz0iaHR0cDovL3d3dy53My5vcmcvMjAwMC9zdmciPjwvc3ZnPg==\" class=\"lazyload\" style=\"--smush-placeholder-width: 2560px; --smush-placeholder-aspect-ratio: 2560\/1440;\" \/>\n\t\t\t\t\t\t<div class=\"snk-media-caption\">\t Visualisierung Amando Seniorenresidenz Gladbeck-Brauck, Ansicht von Westen, Nordrhein-Westfalen, ein Projekt der Cureus Urheber: Jasper Siebert, SKAI Siemers Kramer Architekten Ingenieure<\/div>\t\t\t<\/div>\n\n\t\t\t\t\t<\/div>\n\n\t\t\t<\/section>\n\t","protected":false},"excerpt":{"rendered":"<p>Cureus und Amando haben den Grundstein f\u00fcr eine Seniorenresidenz in Gladbeck-Brauck gelegt, die 118 Pflegepl\u00e4tze bieten wird. Die Residenz soll bis Winter 2026\/2027 fertiggestellt werden und \u00fcber zahlreiche Einrichtungen wie ein Restaurant, Friseur und Wellness- &#038; Pflegebad verf\u00fcgen.<\/p>\n","protected":false},"author":251,"featured_media":18333,"comment_status":"closed","ping_status":"closed","sticky":false,"template":"","format":"standard","meta":{"_acf_changed":false,"inline_featured_image":false,"_co_authors":[],"footnotes":""},"categories":[677,10],"tags":[],"type_content":[170],"class_list":["post-18308","post","type-post","status-publish","format-standard","has-post-thumbnail","hentry","category-developments","category-real-estate","type_content-news"],"acf":{"homepage_featured_article":false},"_links":{"self":[{"href":"https:\/\/assetphysics.com\/de\/wp-json\/wp\/v2\/posts\/18308","targetHints":{"allow":["GET"]}}],"collection":[{"href":"https:\/\/assetphysics.com\/de\/wp-json\/wp\/v2\/posts"}],"about":[{"href":"https:\/\/assetphysics.com\/de\/wp-json\/wp\/v2\/types\/post"}],"author":[{"embeddable":true,"href":"https:\/\/assetphysics.com\/de\/wp-json\/wp\/v2\/users\/251"}],"replies":[{"embeddable":true,"href":"https:\/\/assetphysics.com\/de\/wp-json\/wp\/v2\/comments?post=18308"}],"version-history":[{"count":3,"href":"https:\/\/assetphysics.com\/de\/wp-json\/wp\/v2\/posts\/18308\/revisions"}],"predecessor-version":[{"id":18354,"href":"https:\/\/assetphysics.com\/de\/wp-json\/wp\/v2\/posts\/18308\/revisions\/18354"}],"wp:featuredmedia":[{"embeddable":true,"href":"https:\/\/assetphysics.com\/de\/wp-json\/wp\/v2\/media\/18333"}],"wp:attachment":[{"href":"https:\/\/assetphysics.com\/de\/wp-json\/wp\/v2\/media?parent=18308"}],"wp:term":[{"taxonomy":"category","embeddable":true,"href":"https:\/\/assetphysics.com\/de\/wp-json\/wp\/v2\/categories?post=18308"},{"taxonomy":"post_tag","embeddable":true,"href":"https:\/\/assetphysics.com\/de\/wp-json\/wp\/v2\/tags?post=18308"},{"taxonomy":"type_content","embeddable":true,"href":"https:\/\/assetphysics.com\/de\/wp-json\/wp\/v2\/type_content?post=18308"}],"curies":[{"name":"wp","href":"https:\/\/api.w.org\/{rel}","templated":true}]}}