{"id":23204,"date":"2026-03-05T09:12:23","date_gmt":"2026-03-05T09:12:23","guid":{"rendered":"https:\/\/assetphysics.com\/?p=23204"},"modified":"2026-03-05T10:48:32","modified_gmt":"2026-03-05T10:48:32","slug":"cureus-und-amando-legen-grundstein-fuer-seniorenresidenz-sterkrade-in-oberhausen-mit-86-pflegeplaetzen","status":"publish","type":"post","link":"https:\/\/assetphysics.com\/de\/cureus-und-amando-legen-grundstein-fuer-seniorenresidenz-sterkrade-in-oberhausen-mit-86-pflegeplaetzen\/","title":{"rendered":"Cureus und Amando legen Grundstein f\u00fcr Seniorenresidenz Sterkrade in Oberhausen mit 86 Pflegepl\u00e4tzen"},"content":{"rendered":"\n\t<section class=\"snk-section snk-section_xs\" >\n\t\t<div class=\"container container-xs\">\n\n\t\t\t\n\n\t\t\t\n\t\t\t\t<div class=\"row snk-textColumns\">\n\t\t\t\t\t\n\t\t\t\t\t\t<div class=\"col col-12 snk-textColumn\">\n\t\t\t\t\t\t\t<div class=\"snk-textBlock\">\n\t\t\t\t\t\t\t\t\n\t\t\t\t\t\t\t\t\n\t\t\t\t\t\t\t\t\t\t\t\t\t\t\t\t\t<p>Cureus, ein auf station\u00e4re Pflegeimmobilien spezialisierter Bestandshalter, der f\u00fcr sein eigenes Portfolio neu baut und dieses aktiv managt, legte gestern gemeinsam mit dem k\u00fcnftigen Betreiber Amando Seniorenresidenzen, einer Marke der Pflegemotive, den Grundstein f\u00fcr die Seniorenresidenz Sterkrade in Oberhausen. Die Zeremonie fand im Beisein von Werner Nakot, 2. ehrenamtlicher Stellvertreter des Oberb\u00fcrgermeisters, statt. Ebenfalls waren Vertreter der am Bau Beteiligten, aus der Verwaltung sowie von Seiten des Betreibers und des Bauherren als auch Nachbarn vor Ort. Neben dem eigentlichen Festakt mit feierlicher Versenkung der Zeitkapsel, wurden den rund 40 Teilnehmern auch vertiefende Informationen zur neu entstehenden Seniorenresidenz und erste Einblicke in die Baustelle pr\u00e4sentiert. F\u00fcr das leibliche Wohl war bestens gesorgt. Cureus fungiert bei diesem Projekt selbst als Generalunternehmer f\u00fcr die Bauabwicklung. Der Neubau entsteht an der Weseler Stra\u00dfe 138 in 46149 Oberhausen (Nordrhein-Westfalen).<\/p>\n\t\t\t\t\t\t\t\t\n\t\t\t\t\t\t\t\t\t\t\t\t\t\t\t<\/div>\n\t\t\t\t\t\t<\/div>\n\n\t\t\t\t\t\t\n\t\t\t\t<\/div>\n\n\t\t\t\t\t\t\t\t\t<\/div>\n\t<\/section>\n\n\n\n\t<section class=\"snk-section snk-section_xs\" >\n\t\t<div class=\"container container-xs\">\n\n\t\t\t\n\n\t\t\t\n\t\t\t\t<div class=\"row snk-textColumns\">\n\t\t\t\t\t\n\t\t\t\t\t\t<div class=\"col col-12 snk-textColumn\">\n\t\t\t\t\t\t\t<div class=\"snk-textBlock\">\n\t\t\t\t\t\t\t\t\n\t\t\t\t\t\t\t\t\n\t\t\t\t\t\t\t\t\t\t\t\t\t\t\t\t\t<p>Kathrin Ufken, Projektleiterin der Bauherrin Cureus, zum Projekt: \u201eIm Sommer 2025 konnten wir mit der Ber\u00e4umung des Areals und dem R\u00fcckbau der alten Waschanlage auf dem Gel\u00e4nde beginnen. Seitdem hat sich schon viel getan: Der Boden wurde vorbereitet, die Fl\u00e4che auf Kampfmittel sondiert und Verdachtspunkte abgekl\u00e4rt, dann wurde sofort mit den Erdarbeiten begonnen. Diese wurden abgeschlossen und wir haben einen sauberen Baugrund, auf dem nun seit Anfang des Jahres unser Neubau entsteht. Die Betonage der der Bodenplatte ist bereits erfolgt, so dass wir darauf nun die offizielle Grundsteinlegung an passender Stelle abhalten k\u00f6nnen. Bisher sind wir optimistisch, wie geplant zum Fr\u00fchjahr 2027 die neue Seniorenresidenz an unseren f\u00fcr diesen Standort gewonnen Betreiberpartner Amando Seniorenresidenzen \u00fcbergeben zu k\u00f6nnen. Wir w\u00fcnschen allen am Bau Beteiligten auch weiterhin gutes Gelingen.\u201c<\/p>\n\t\t\t\t\t\t\t\t\n\t\t\t\t\t\t\t\t\t\t\t\t\t\t\t<\/div>\n\t\t\t\t\t\t<\/div>\n\n\t\t\t\t\t\t\n\t\t\t\t<\/div>\n\n\t\t\t\t\t\t\t\t\t<\/div>\n\t<\/section>\n\n\n\n\t<section class=\"snk-section snk-section_xs\" >\n\t\t<div class=\"container container-xs\">\n\n\t\t\t\n\n\t\t\t\n\t\t\t\t<div class=\"row snk-textColumns\">\n\t\t\t\t\t\n\t\t\t\t\t\t<div class=\"col col-12 snk-textColumn\">\n\t\t\t\t\t\t\t<div class=\"snk-textBlock\">\n\t\t\t\t\t\t\t\t\n\t\t\t\t\t\t\t\t\n\t\t\t\t\t\t\t\t\t\t\t\t\t\t\t\t\t<p>Auch Jacek Michalak, Gesch\u00e4ftsf\u00fchrer der Amando Seniorenresidenzen zeigt sich begeistert: \u201eWir sind eine junge Marke aus der Gruppe der Pflegemotive, haben aber sehr viel Erfahrung im Team. In Oberhausen entsteht nun einer unserer ersten beiden Residenzstandorte, ein weiterer Standort wird seit dem letzten Sommer in Gladbeck realisiert. An beiden Standorten und in ihrer Umgebung sehen wir k\u00fcnftig einen steigenden Bedarf an Pflegepl\u00e4tzen und freuen uns sehr \u00fcber diese neu entstehenden Residenzen.\u00a0 An unseren neuen Standorten vereinen wir langj\u00e4hrige Erfahrung mit fundiertem Fachwissen, um hochwertige Lebensr\u00e4ume f\u00fcr unsere zuk\u00fcnftigen Bewohnerinnen und Bewohner, sowie attraktive und moderne Arbeitspl\u00e4tze f\u00fcr unsere zuk\u00fcnftigen Mitarbeitenden entstehen zu lassen. W\u00e4hrend unsere hauseigene K\u00fcche t\u00e4glich f\u00fcr frische, kulinarische Vielfalt sorgt, setzen wir in der Pflege und Betreuung auf fachliche und individuelle Versorgung. Die moderne und hochwertige Ausstattung der Residenz hilft unseren zuk\u00fcnftigen Bewohnerinnen und Bewohnern ein neues Zuhause zu finden. Die Moderne Ausstattung der Arbeitspl\u00e4tze sowie der Einsatz digitaler L\u00f6sungen unterst\u00fctzen unsere zuk\u00fcnftigen Mitarbeitenden bei ihrer anspruchsvollen T\u00e4tigkeit in unseren Residenzen\u201c, so Michalak weiter.<\/p>\n\t\t\t\t\t\t\t\t\n\t\t\t\t\t\t\t\t\t\t\t\t\t\t\t<\/div>\n\t\t\t\t\t\t<\/div>\n\n\t\t\t\t\t\t\n\t\t\t\t<\/div>\n\n\t\t\t\t\t\t\t\t\t<\/div>\n\t<\/section>\n\n\n\n\t<section class=\"snk-section snk-section_xs\" >\n\t\t<div class=\"container container-xs\">\n\n\t\t\t\n\n\t\t\t\n\t\t\t\t<div class=\"row snk-textColumns\">\n\t\t\t\t\t\n\t\t\t\t\t\t<div class=\"col col-12 snk-textColumn\">\n\t\t\t\t\t\t\t<div class=\"snk-textBlock\">\n\t\t\t\t\t\t\t\t\n\t\t\t\t\t\t\t\t\t\t\t\t\t\t\t\t\t<h3>Leben und Arbeiten in der Amando Seniorenresidenz Sterkrade in Oberhausen<\/h3>\n\t\t\t\t\t\t\t\t\n\t\t\t\t\t\t\t\t\t\t\t\t\t\t\t\t\t<p>Interessenten f\u00fcr Pflegepl\u00e4tze k\u00f6nnen sich bereits bei Amando Seniorenresidenzen unter www.amando-pflege.de informieren und unter Tel. 0234 51677240 oder kontakt@amando-pflege.de vormerken lassen.<\/p>\n\t\t\t\t\t\t\t\t\n\t\t\t\t\t\t\t\t\t\t\t\t\t\t\t<\/div>\n\t\t\t\t\t\t<\/div>\n\n\t\t\t\t\t\t\n\t\t\t\t<\/div>\n\n\t\t\t\t\t\t\t\t\t<\/div>\n\t<\/section>\n\n\n\n\t<section class=\"snk-section snk-section_xs\" >\n\t\t<div class=\"container container-xs\">\n\n\t\t\t\n\n\t\t\t\n\t\t\t\t<div class=\"row snk-textColumns\">\n\t\t\t\t\t\n\t\t\t\t\t\t<div class=\"col col-12 snk-textColumn\">\n\t\t\t\t\t\t\t<div class=\"snk-textBlock\">\n\t\t\t\t\t\t\t\t\n\t\t\t\t\t\t\t\t\n\t\t\t\t\t\t\t\t\t\t\t\t\t\t\t\t\t<p>In Oberhausen-Sterkrade werden mit der neuen Seniorenresidenz zudem rund 70 neue, krisenfeste Arbeitspl\u00e4tze in Voll- und Teilzeit in den Bereichen Pflege, Verwaltung sowie Hauswirtschaft und -technik entstehen. F\u00fcr unsere qualifizierten und engagierten Mitarbeitenden wird auch an diesem Standort eine teamorientierte Arbeitsatmosph\u00e4re geschaffen, in der sie sich auch pers\u00f6nlich weiterentwickeln k\u00f6nnen. Interessierte Bewerber k\u00f6nnen sich ab sofort unter Tel. 0234 51677240 oder bewerbung@amando-pflege.de melden.<\/p>\n\t\t\t\t\t\t\t\t\n\t\t\t\t\t\t\t\t\t\t\t\t\t\t\t<\/div>\n\t\t\t\t\t\t<\/div>\n\n\t\t\t\t\t\t\n\t\t\t\t<\/div>\n\n\t\t\t\t\t\t\t\t\t<\/div>\n\t<\/section>\n\n\n\n\t<section class=\"snk-section snk-section_xs\" >\n\t\t<div class=\"container container-xs\">\n\n\t\t\t\n\n\t\t\t\n\t\t\t\t<div class=\"row snk-textColumns\">\n\t\t\t\t\t\n\t\t\t\t\t\t<div class=\"col col-12 snk-textColumn\">\n\t\t\t\t\t\t\t<div class=\"snk-textBlock\">\n\t\t\t\t\t\t\t\t\n\t\t\t\t\t\t\t\t\t\t\t\t\t\t\t\t\t<h3>Moderne Seniorenresidenz mit Restaurant, Friseur, W\u00e4scherei, Kamin-Lounge mit Bibliothek, Therapier\u00e4umen und Pflegebad<\/h3>\n\t\t\t\t\t\t\t\t\n\t\t\t\t\t\t\t\t\t\t\t\t\t\t\t\t\t<p>Auf dem rd. 4.665 Quadratmeter gro\u00dfen Grundst\u00fcck erstreckt sich k\u00fcnftig ein in etwa z-f\u00f6rmiges Geb\u00e4ude von der Stra\u00dfenseite hin zum hinteren Teil des Grundst\u00fcckes. Dort schlie\u00dft sich eine gro\u00dfz\u00fcgige und parkartig gestalteten Au\u00dfenanlage an. Der gesamte Komplex der Seniorenresidenz Sterkrade wurde barrierefrei und nach dem staatlichen Qualit\u00e4tssiegel Nachhaltiges Geb\u00e4ude (QNG) in KfW-Effizienzhaus-40-Bauweise und mit dem Ziel der DGNB-Silberzertifizierung geplant. Die Beheizung erfolgt \u00fcber eine W\u00e4rmepumpe und eine Solaranlage erzeugt umweltfreundlichen Strom auf dem ebenfalls begr\u00fcnten Flachdach. Auch wird sich das Geb\u00e4ude gestalterisch besonders auf sein Umfeld einstellen: Insbesondere die geradlinige Kubatur mit einer Mischung aus grauem, wei\u00dfem und beigem Putz sowie rotem Klinker wird einen Blickfang schaffen.<\/p>\n\t\t\t\t\t\t\t\t\n\t\t\t\t\t\t\t\t\t\t\t\t\t\t\t<\/div>\n\t\t\t\t\t\t<\/div>\n\n\t\t\t\t\t\t\n\t\t\t\t<\/div>\n\n\t\t\t\t\t\t\t\t\t<\/div>\n\t<\/section>\n\n\n\n\t<section class=\"snk-section snk-section_xs\" >\n\t\t<div class=\"container container-xs\">\n\n\t\t\t\n\n\t\t\t\n\t\t\t\t<div class=\"row snk-textColumns\">\n\t\t\t\t\t\n\t\t\t\t\t\t<div class=\"col col-12 snk-textColumn\">\n\t\t\t\t\t\t\t<div class=\"snk-textBlock\">\n\t\t\t\t\t\t\t\t\n\t\t\t\t\t\t\t\t\n\t\t\t\t\t\t\t\t\t\t\t\t\t\t\t\t\t<p>Das Geb\u00e4ude der Seniorenresidenz wird \u00fcber rd. 5.640 Quadratmeter Bruttogrundfl\u00e4che (BGF) auf vier Etagen verf\u00fcgen. Die Residenz empf\u00e4ngt Bewohner und G\u00e4ste mit einer hotelartig gestalteten Lobby mit Foyer und Empfang, einer Kamin-Lounge mit Bibliothek sowie einem Angebot aus Friseur, Therapier\u00e4umen, Pflegebad und hauseigener W\u00e4scherei. Die Terrasse schafft eine angenehme Verbindung in die parkartig gestalteten Au\u00dfenanalgen der Seniorenresidenz.<\/p>\n\t\t\t\t\t\t\t\t\n\t\t\t\t\t\t\t\t\t\t\t\t\t\t\t<\/div>\n\t\t\t\t\t\t<\/div>\n\n\t\t\t\t\t\t\n\t\t\t\t<\/div>\n\n\t\t\t\t\t\t\t\t\t<\/div>\n\t<\/section>\n\n\n\n\t<section class=\"snk-section snk-section_xs\" >\n\t\t<div class=\"container container-xs\">\n\n\t\t\t\n\n\t\t\t\n\t\t\t\t<div class=\"row snk-textColumns\">\n\t\t\t\t\t\n\t\t\t\t\t\t<div class=\"col col-12 snk-textColumn\">\n\t\t\t\t\t\t\t<div class=\"snk-textBlock\">\n\t\t\t\t\t\t\t\t\n\t\t\t\t\t\t\t\t\n\t\t\t\t\t\t\t\t\t\t\t\t\t\t\t\t\t<p>Die Bewohner erwarten in den drei Obergeschossen 86 Einzelzimmer mit eigenem Bad nach modernstem Standard, der neben dem Schwesternruf auch jeweils einen eigenen Telefon-, Internet- und Fernsehanschluss umfasst. 56 Zimmer der Residenz sind dar\u00fcber hinaus rollstuhlgerecht ausgebaut. Die Zimmer k\u00f6nnen durch die Bewohner individuell m\u00f6bliert werden, um eine Wohlf\u00fchl-Atmosph\u00e4re und einen privaten R\u00fcckzugsort zu schaffen. Die Residenz ist in sechs Wohngruppen mit jeweils eigenem Aufenthaltsraum mit Wohnk\u00fcche und Balkon gegliedert, um eine h\u00e4uslich-famili\u00e4re Atmosph\u00e4re f\u00fcr die Bewohner zu schaffen.<\/p>\n\t\t\t\t\t\t\t\t\n\t\t\t\t\t\t\t\t\t\t\t\t\t\t\t<\/div>\n\t\t\t\t\t\t<\/div>\n\n\t\t\t\t\t\t\n\t\t\t\t<\/div>\n\n\t\t\t\t\t\t\t\t\t<\/div>\n\t<\/section>\n\n\n\n\t<section class=\"snk-section snk-section_xs\" >\n\t\t<div class=\"container container-xs\">\n\n\t\t\t\n\n\t\t\t\n\t\t\t\t<div class=\"row snk-textColumns\">\n\t\t\t\t\t\n\t\t\t\t\t\t<div class=\"col col-12 snk-textColumn\">\n\t\t\t\t\t\t\t<div class=\"snk-textBlock\">\n\t\t\t\t\t\t\t\t\n\t\t\t\t\t\t\t\t\t\t\t\t\t\t\t\t\t<h3>Idealer Standort und hohe Bauqualit\u00e4t<\/h3>\n\t\t\t\t\t\t\t\t\n\t\t\t\t\t\t\t\t\t\t\t\t\t\t\t\t\t<p>Die Seniorenresidenz Sterkrade liegt im Norden der Stadt und fu\u00dfl\u00e4ufig zum Volkspark mit Weiher und Stadion sowie dem Naherholungsgebiet Historische Zeche Sterkrade. Eingebettet in ein gewachsenes Wohngebiet, sind auch \u00c4rzte, Nahversorgungseinrichtungen und Kirchen in der direkten Umgebung zu finden. Das Zentrum Sterkrades mit Bahnhof, Klinikum, zahlreichen Einkaufsm\u00f6glichkeiten sowie kulturellen Freizeit-, Sozial- und Verwaltungseinrichtungen ist in wenigen Minuten von der nahen Bushaltestelle aus zu erreichen, ebenso das Stadtzentrum Oberhausens. Die Lage ist damit verkehrlich optimal angebunden, was die Residenz f\u00fcr Bewohner, Besucher und das Personal sehr gut erreichbar macht.<\/p>\n\t\t\t\t\t\t\t\t\n\t\t\t\t\t\t\t\t\t\t\t\t\t\t\t<\/div>\n\t\t\t\t\t\t<\/div>\n\n\t\t\t\t\t\t\n\t\t\t\t<\/div>\n\n\t\t\t\t\t\t\t\t\t<\/div>\n\t<\/section>\n\n\n\n\t<section class=\"snk-section snk-section_xs\" >\n\t\t<div class=\"container container-xs\">\n\n\t\t\t\n\n\t\t\t\n\t\t\t\t<div class=\"row snk-textColumns\">\n\t\t\t\t\t\n\t\t\t\t\t\t<div class=\"col col-12 snk-textColumn\">\n\t\t\t\t\t\t\t<div class=\"snk-textBlock\">\n\t\t\t\t\t\t\t\t\n\t\t\t\t\t\t\t\t\n\t\t\t\t\t\t\t\t\t\t\t\t\t\t\t\t\t<p>Auf dem Gel\u00e4nde der Residenz entstehen im hinteren Teil gro\u00dfz\u00fcgige, parkartig angelegte Au\u00dfenanlagen, die mit Rundwegen, verschatteten Ruhezonen und regionaler Bepflanzung aus Laub- und Obstgeh\u00f6lzen als Treffpunkt dienen und zur Bewegung und zum Verweilen im Freien einladen. Ferner werden neun Kfz-Stellpl\u00e4tze mit Infrastruktur f\u00fcr E-Mobilit\u00e4t auf dem Grundst\u00fcck angelegt, einer davon behindertengerecht, sowie zw\u00f6lf Fahrradstellpl\u00e4tze.<\/p>\n\t\t\t\t\t\t\t\t\n\t\t\t\t\t\t\t\t\t\t\t\t\t\t\t<\/div>\n\t\t\t\t\t\t<\/div>\n\n\t\t\t\t\t\t\n\t\t\t\t<\/div>\n\n\t\t\t\t\t\t\t\t\t<\/div>\n\t<\/section>\n\n\n\n\t<section class=\"snk-section snk-section_xs\" >\n\t\t<div class=\"container container-xs\">\n\n\t\t\t\n\n\t\t\t\n\t\t\t\t<div class=\"row snk-textColumns\">\n\t\t\t\t\t\n\t\t\t\t\t\t<div class=\"col col-12 snk-textColumn\">\n\t\t\t\t\t\t\t<div class=\"snk-textBlock\">\n\t\t\t\t\t\t\t\t\n\t\t\t\t\t\t\t\t\n\t\t\t\t\t\t\t\t\t\t\t\t\t\t\t\t\t<p>Der Neubau entsteht entsprechend dem Cureus-Standard der Systempflegeimmobilie. Dieser setzt auf einheitliche, hohe Qualit\u00e4tsma\u00dfst\u00e4be und orientiert sich unter anderem an den Bed\u00fcrfnissen der Betreiber mit Fokus auf die Bewohner und das Pflegepersonal. So sind die baulichen Prozesse und alle Objekte von innen nach au\u00dfen optimiert: Dies betrifft beispielsweise die Gr\u00f6\u00dfe und Anordnung von R\u00e4umen zur Optimierung von Fl\u00e4chen und Laufwegen. Auch die bauseitige Ausstattung ist unter Nutzenaspekten durchdacht: Flure erhalten grunds\u00e4tzlich Tageslicht, jedes Zimmer verf\u00fcgt \u00fcber bodentiefe Fenster und die modernen B\u00e4der und Fensteranordnungen folgen dem immer gleichen standardisierten Systemansatz. Bei der Architektur und Fassadengestaltung wird dennoch gro\u00dfer Wert auf Individualit\u00e4t und h\u00f6chste Qualit\u00e4t gelegt, um sich in das jeweilige Projektumfeld optimal einzupassen. Auch nachhaltige Aspekte spielen eine wesentliche Rolle, so wird beispielsweise f\u00fcr alle Objekte ein energieeffizienter KfW-Standard angestrebt. Die geb\u00fcndelte Beschaffung, unter anderem von Bodenbel\u00e4gen oder Aufzugsanlagen, sorgt ferner f\u00fcr Kostensynergien. Langfristige, mehrere Objekte umfassende Wartungsvertr\u00e4ge reduzieren zus\u00e4tzlich die Kosten des sp\u00e4teren Betreibers. Durch die st\u00e4ndige \u00dcberpr\u00fcfung und Optimierung dieses Systemansatzes kann die Erstellung bedarfsgerechter Immobilien garantiert werden.<\/p>\n\t\t\t\t\t\t\t\t\n\t\t\t\t\t\t\t\t\t\t\t\t\t\t\t<\/div>\n\t\t\t\t\t\t<\/div>\n\n\t\t\t\t\t\t\n\t\t\t\t<\/div>\n\n\t\t\t\t\t\t\t\t\t<\/div>\n\t<\/section>\n\n\n\n\t<section class=\"snk-section snk-section_noPadding\">\n\t\t<div class=\"container container-xs\">\n\t\t\t<div class=\"snk-media snk-media_image\">\n\n\t\t\t\t\t\t\t\t\t<img decoding=\"async\" data-src=\"https:\/\/assetphysics.com\/wp-content\/uploads\/2026\/03\/2026_03_04_Foto_Cureus_Amando_SR_Oberhausen_Grundstein_by_A._Anspach.jpg\" alt=\"\" title=\"2026_03_04_Foto_Cureus_Amando_SR_Oberhausen_Grundstein_by_A._Anspach\" src=\"data:image\/svg+xml;base64,PHN2ZyB3aWR0aD0iMSIgaGVpZ2h0PSIxIiB4bWxucz0iaHR0cDovL3d3dy53My5vcmcvMjAwMC9zdmciPjwvc3ZnPg==\" class=\"lazyload\" style=\"--smush-placeholder-width: 1600px; --smush-placeholder-aspect-ratio: 1600\/1200;\" \/>\n\t\t\t\t\t\t<div class=\"snk-media-caption\">Grundsteinlegung Amando Seniorenresidenz Sterkrade in Oberhausen, v.l.n.r. Werner Nakot (Stadt Oberhausen), Jacek Michalak (GF Amando), Kathrin Ufken (PL Cureus), Marion Wieschollek (Cureus), Dirk Jentscher (Bauleiter Cureus), Nordrhein-Westfalen, ein Projekt der Cureus  Urheber: A. Anspach<\/div>\t\t\t<\/div>\n\n\t\t\t\t\t<\/div>\n\n\t\t\t<\/section>\n\t","protected":false},"excerpt":{"rendered":"<p>Cureus und Amando haben den Grundstein f\u00fcr die Seniorenresidenz Sterkrade in Oberhausen gelegt. Die Residenz wird 86 Pflegepl\u00e4tze bieten und soll im Fr\u00fchjahr 2027 er\u00f6ffnet werden.<\/p>\n","protected":false},"author":251,"featured_media":23391,"comment_status":"closed","ping_status":"closed","sticky":false,"template":"","format":"standard","meta":{"_acf_changed":false,"inline_featured_image":false,"_co_authors":[],"footnotes":""},"categories":[677],"tags":[],"type_content":[170],"class_list":["post-23204","post","type-post","status-publish","format-standard","has-post-thumbnail","hentry","category-developments","type_content-news"],"acf":{"homepage_featured_article":false},"_links":{"self":[{"href":"https:\/\/assetphysics.com\/de\/wp-json\/wp\/v2\/posts\/23204","targetHints":{"allow":["GET"]}}],"collection":[{"href":"https:\/\/assetphysics.com\/de\/wp-json\/wp\/v2\/posts"}],"about":[{"href":"https:\/\/assetphysics.com\/de\/wp-json\/wp\/v2\/types\/post"}],"author":[{"embeddable":true,"href":"https:\/\/assetphysics.com\/de\/wp-json\/wp\/v2\/users\/251"}],"replies":[{"embeddable":true,"href":"https:\/\/assetphysics.com\/de\/wp-json\/wp\/v2\/comments?post=23204"}],"version-history":[{"count":2,"href":"https:\/\/assetphysics.com\/de\/wp-json\/wp\/v2\/posts\/23204\/revisions"}],"predecessor-version":[{"id":23395,"href":"https:\/\/assetphysics.com\/de\/wp-json\/wp\/v2\/posts\/23204\/revisions\/23395"}],"wp:featuredmedia":[{"embeddable":true,"href":"https:\/\/assetphysics.com\/de\/wp-json\/wp\/v2\/media\/23391"}],"wp:attachment":[{"href":"https:\/\/assetphysics.com\/de\/wp-json\/wp\/v2\/media?parent=23204"}],"wp:term":[{"taxonomy":"category","embeddable":true,"href":"https:\/\/assetphysics.com\/de\/wp-json\/wp\/v2\/categories?post=23204"},{"taxonomy":"post_tag","embeddable":true,"href":"https:\/\/assetphysics.com\/de\/wp-json\/wp\/v2\/tags?post=23204"},{"taxonomy":"type_content","embeddable":true,"href":"https:\/\/assetphysics.com\/de\/wp-json\/wp\/v2\/type_content?post=23204"}],"curies":[{"name":"wp","href":"https:\/\/api.w.org\/{rel}","templated":true}]}}