{"id":23580,"date":"2026-03-09T07:59:07","date_gmt":"2026-03-09T07:59:07","guid":{"rendered":"https:\/\/assetphysics.com\/?p=23580"},"modified":"2026-03-09T07:59:07","modified_gmt":"2026-03-09T07:59:07","slug":"ehretklein-ag-staerkt-operative-konzernplattform-im-geschaeftsjahr-2025","status":"publish","type":"post","link":"https:\/\/assetphysics.com\/de\/ehretklein-ag-staerkt-operative-konzernplattform-im-geschaeftsjahr-2025\/","title":{"rendered":"Ehret+Klein AG st\u00e4rkt operative Konzernplattform im Gesch\u00e4ftsjahr 2025"},"content":{"rendered":"\n\t<section class=\"snk-section snk-section_xs\" >\n\t\t<div class=\"container container-xs\">\n\n\t\t\t\n\n\t\t\t\n\t\t\t\t<div class=\"row snk-textColumns\">\n\t\t\t\t\t\n\t\t\t\t\t\t<div class=\"col col-12 snk-textColumn\">\n\t\t\t\t\t\t\t<div class=\"snk-textBlock\">\n\t\t\t\t\t\t\t\t\n\t\t\t\t\t\t\t\t\n\t\t\t\t\t\t\t\t\t\t\t\t\t\t\t\t\t<p>Die Ehret+Klein AG blickt auf ein erfolgreiches Gesch\u00e4ftsjahr 2025 zur\u00fcck, das ma\u00dfgeblich durch den gezielten Ausbau der operativen Konzernplattform sowie anorganisches Wachstum gepr\u00e4gt war. Im Fokus stand der Zusammenschluss mit der 3PM Services GmbH, \u00fcber den sowohl zus\u00e4tzliche Managementkapazit\u00e4ten als auch ein erweitertes Mandatsportfolio in den Konzern integriert wurden.<\/p>\n\t\t\t\t\t\t\t\t\n\t\t\t\t\t\t\t\t\t\t\t\t\t\t\t<\/div>\n\t\t\t\t\t\t<\/div>\n\n\t\t\t\t\t\t\n\t\t\t\t<\/div>\n\n\t\t\t\t\t\t\t\t\t<\/div>\n\t<\/section>\n\n\n\n\t<section class=\"snk-section snk-section_xs\" >\n\t\t<div class=\"container container-xs\">\n\n\t\t\t\n\n\t\t\t\n\t\t\t\t<div class=\"row snk-textColumns\">\n\t\t\t\t\t\n\t\t\t\t\t\t<div class=\"col col-12 snk-textColumn\">\n\t\t\t\t\t\t\t<div class=\"snk-textBlock\">\n\t\t\t\t\t\t\t\t\n\t\t\t\t\t\t\t\t\t\t\t\t\t\t\t\t\t<h3>Skalierung der operativen Konzernplattform<\/h3>\n\t\t\t\t\t\t\t\t\n\t\t\t\t\t\t\t\t\t\t\t\t\t\t\t\t\t<p>Im Zuge des anorganischen Wachstums wurde die operative Plattform der Ehret+Klein AG im Jahr 2025 signifikant erweitert. Die im Konzern gemanagte Fl\u00e4che stieg auf 2,38 Mio. Quadratmeter, die Anzahl der betreuten Objekte auf 652. Das betreute Portfolio umfasst rund 2.200 Wohneinheiten sowie einen gewerblichen Anteil mit 21 % B\u00fcro- und Handelsfl\u00e4chen und 79 % Fachmarktzentren.<\/p>\n<p>Der Umsatz im Managementbereich erh\u00f6hte sich konzernweit auf 8,5 Mio. Euro (Vorjahr: 2,84 Mio. Euro) und entwickelte sich damit zu einer zentralen operativen Ertragss\u00e4ule innerhalb der AG.<\/p>\n\t\t\t\t\t\t\t\t\n\t\t\t\t\t\t\t\t\t\t\t\t\t\t\t<\/div>\n\t\t\t\t\t\t<\/div>\n\n\t\t\t\t\t\t\n\t\t\t\t<\/div>\n\n\t\t\t\t\t\t\t\t\t<\/div>\n\t<\/section>\n\n\n\n\t<section class=\"snk-section snk-section_xs\" >\n\t\t<div class=\"container container-xs\">\n\n\t\t\t\n\n\t\t\t\n\t\t\t\t<div class=\"row snk-textColumns\">\n\t\t\t\t\t\n\t\t\t\t\t\t<div class=\"col col-12 snk-textColumn\">\n\t\t\t\t\t\t\t<div class=\"snk-textBlock\">\n\t\t\t\t\t\t\t\t\n\t\t\t\t\t\t\t\t\t\t\t\t\t\t\t\t\t<h3>Anorganisches Wachstum durch Zusammenschluss mit der 3PM Services GmbH<\/h3>\n\t\t\t\t\t\t\t\t\n\t\t\t\t\t\t\t\t\t\t\t\t\t\t\t\t\t<p>Ein wesentlicher Wachstumsschritt war der Zusammenschluss mit der 3PM Services GmbH. \u00dcber diesen Zusammenschluss wurden bestehende Mandate der 3PM vollst\u00e4ndig in die Konzernstruktur der Ehret+Klein AG integriert.<\/p>\n<p>Hierzu z\u00e4hlen unter anderem Mandate der CELLS Group mit 15 Objekten und \u00fcber 172.000 Quadratmetern sowie der Manova Partners mit 110.000 Quadratmetern an 28 Standorten. Die erneute Mandatierung durch Sonar Real Estate best\u00e4tigt erg\u00e4nzend die Leistungsf\u00e4higkeit der integrierten Plattform.<\/p>\n<p>Der Zusammenschluss erm\u00f6glichte damit nicht nur den Zugang zu zus\u00e4tzlichen Volumina, sondern vor allem die beschleunigte Skalierung operativer Strukturen, Prozesse und personeller Ressourcen innerhalb des Konzerns.<\/p>\n\t\t\t\t\t\t\t\t\n\t\t\t\t\t\t\t\t\t\t\t\t\t\t\t<\/div>\n\t\t\t\t\t\t<\/div>\n\n\t\t\t\t\t\t\n\t\t\t\t<\/div>\n\n\t\t\t\t\t\t\t\t\t<\/div>\n\t<\/section>\n\n\n\n\t<section class=\"snk-section snk-section_xs\" >\n\t\t<div class=\"container container-xs\">\n\n\t\t\t\n\n\t\t\t\n\t\t\t\t<div class=\"row snk-textColumns\">\n\t\t\t\t\t\n\t\t\t\t\t\t<div class=\"col col-12 snk-textColumn\">\n\t\t\t\t\t\t\t<div class=\"snk-textBlock\">\n\t\t\t\t\t\t\t\t\n\t\t\t\t\t\t\t\t\t\t\t\t\t\t\t\t\t<h3>Digitalisierung als Enablement der Konzernsteuerung<\/h3>\n\t\t\t\t\t\t\t\t\n\t\t\t\t\t\t\t\t\t\t\t\t\t\t\t\t\t<p>Flankierend zur strukturellen Expansion investierte die Ehret+Klein AG gezielt in digitale Steuerungs- und Datenstrukturen. Automatisierte Vertragsanalysen sowie KI-gest\u00fctzte Auswertungs- und Reportingl\u00f6sungen erm\u00f6glichen eine einheitliche Datenbasis, transparente Entscheidungsprozesse und eine skalierbare operative Steuerung \u00fcber den gesamten Objektbestand hinweg.<\/p>\n<p>Digitalisierung ist damit integraler Bestandteil der Konzernorganisation und Voraussetzung f\u00fcr weiteres Wachstum bei gleichbleibender Prozess- und Qualit\u00e4tsstabilit\u00e4t.<\/p>\n\t\t\t\t\t\t\t\t\n\t\t\t\t\t\t\t\t\t\t\t\t\t\t\t<\/div>\n\t\t\t\t\t\t<\/div>\n\n\t\t\t\t\t\t\n\t\t\t\t<\/div>\n\n\t\t\t\t\t\t\t\t\t<\/div>\n\t<\/section>\n\n\n\n\t<section class=\"snk-section snk-section_xs\" >\n\t\t<div class=\"container container-xs\">\n\n\t\t\t\n\n\t\t\t\n\t\t\t\t<div class=\"row snk-textColumns\">\n\t\t\t\t\t\n\t\t\t\t\t\t<div class=\"col col-12 snk-textColumn\">\n\t\t\t\t\t\t\t<div class=\"snk-textBlock\">\n\t\t\t\t\t\t\t\t\n\t\t\t\t\t\t\t\t\t\t\t\t\t\t\t\t\t<h3>Organisationsausbau und Governance<\/h3>\n\t\t\t\t\t\t\t\t\n\t\t\t\t\t\t\t\t\t\t\t\t\t\t\t\t\t<p>Die Zahl der Mitarbeitenden stieg im Jahr 2025 von 85 auf 180 Personen \u2013 ma\u00dfgeblich infolge des Zusammenschlusses mit der 3PM Services GmbH sowie des gezielten Ausbaus zentraler Konzernfunktionen. Parallel dazu wurden Governance-, Steuerungs- und Integrationsprozesse vereinheitlicht und weiter professionalisiert.<\/p>\n<p>Zudem wurde die bundesweite Pr\u00e4senz mit Standorten in Starnberg, Berlin und Frankfurt am Main weiter gest\u00e4rkt.<\/p>\n<p>\u201eDer Zusammenschluss mit der 3PM Services GmbH war ein wesentlicher Schritt unserer anorganischen Wachstumsstrategie. Er hat es uns erm\u00f6glicht, bestehende Mandate, eingespielte Teams und skalierbare Prozesse in eine gemeinsame Konzernplattform zu \u00fcberf\u00fchren und so unsere operative Leistungsf\u00e4higkeit nachhaltig zu st\u00e4rken\u201c, so Antje Lubitz, Chief Operating Officer der Ehret+Klein AG.<\/p>\n\t\t\t\t\t\t\t\t\n\t\t\t\t\t\t\t\t\t\t\t\t\t\t\t<\/div>\n\t\t\t\t\t\t<\/div>\n\n\t\t\t\t\t\t\n\t\t\t\t<\/div>\n\n\t\t\t\t\t\t\t\t\t<\/div>\n\t<\/section>\n\n\n\n\t<section class=\"snk-section snk-section_xs\" >\n\t\t<div class=\"container container-xs\">\n\n\t\t\t\n\n\t\t\t\n\t\t\t\t<div class=\"row snk-textColumns\">\n\t\t\t\t\t\n\t\t\t\t\t\t<div class=\"col col-12 snk-textColumn\">\n\t\t\t\t\t\t\t<div class=\"snk-textBlock\">\n\t\t\t\t\t\t\t\t\n\t\t\t\t\t\t\t\t\n\t\t\t\t\t\t\t\t\t\t\t\t\t\t\t\t\t<p>Zudem wurde die bundesweite Pr\u00e4senz mit Standorten in Starnberg, Berlin und Frankfurt am Main weiter gest\u00e4rkt.<\/p>\n<p>\u201eDer Zusammenschluss mit der 3PM Services GmbH war ein wesentlicher Schritt unserer anorganischen Wachstumsstrategie. Er hat es uns erm\u00f6glicht, bestehende Mandate, eingespielte Teams und skalierbare Prozesse in eine gemeinsame Konzernplattform zu \u00fcberf\u00fchren und so unsere operative Leistungsf\u00e4higkeit nachhaltig zu st\u00e4rken\u201c, so Antje Lubitz, Chief Operating Officer der Ehret+Klein AG.<\/p>\n\t\t\t\t\t\t\t\t\n\t\t\t\t\t\t\t\t\t\t\t\t\t\t\t<\/div>\n\t\t\t\t\t\t<\/div>\n\n\t\t\t\t\t\t\n\t\t\t\t<\/div>\n\n\t\t\t\t\t\t\t\t\t<\/div>\n\t<\/section>\n\n\n\n\t<section class=\"snk-section snk-section_xs\" >\n\t\t<div class=\"container container-xs\">\n\n\t\t\t\n\n\t\t\t\n\t\t\t\t<div class=\"row snk-textColumns\">\n\t\t\t\t\t\n\t\t\t\t\t\t<div class=\"col col-12 snk-textColumn\">\n\t\t\t\t\t\t\t<div class=\"snk-textBlock\">\n\t\t\t\t\t\t\t\t\n\t\t\t\t\t\t\t\t\t\t\t\t\t\t\t\t\t<h3>Ausblick<\/h3>\n\t\t\t\t\t\t\t\t\n\t\t\t\t\t\t\t\t\t\t\t\t\t\t\t\t\t<p>F\u00fcr das Jahr 2026 plant die Ehret+Klein AG, den Wachstumskurs sowohl organisch als auch anorganisch fortzusetzen. Im Fokus stehen die weitere Integration der Konzernplattform, die Optimierung zentraler Prozesse sowie der gezielte Ausbau digitaler und KI-basierter Steuerungsinstrumente.<\/p>\n\t\t\t\t\t\t\t\t\n\t\t\t\t\t\t\t\t\t\t\t\t\t\t\t<\/div>\n\t\t\t\t\t\t<\/div>\n\n\t\t\t\t\t\t\n\t\t\t\t<\/div>\n\n\t\t\t\t\t\t\t\t\t<\/div>\n\t<\/section>\n","protected":false},"excerpt":{"rendered":"<p>Die Ehret+Klein AG hat im Gesch\u00e4ftsjahr 2025 durch den Zusammenschluss mit der 3PM Services GmbH ihr operatives Wachstum deutlich gesteigert. Die Plattform wurde auf 652 Objekte und 2,38 Mio. m\u00b2 erweitert.<\/p>\n","protected":false},"author":179,"featured_media":0,"comment_status":"closed","ping_status":"closed","sticky":false,"template":"","format":"standard","meta":{"_acf_changed":false,"inline_featured_image":false,"_co_authors":[],"footnotes":""},"categories":[875],"tags":[],"type_content":[170],"class_list":["post-23580","post","type-post","status-publish","format-standard","hentry","category-dynamics","type_content-news"],"acf":{"homepage_featured_article":false},"_links":{"self":[{"href":"https:\/\/assetphysics.com\/de\/wp-json\/wp\/v2\/posts\/23580","targetHints":{"allow":["GET"]}}],"collection":[{"href":"https:\/\/assetphysics.com\/de\/wp-json\/wp\/v2\/posts"}],"about":[{"href":"https:\/\/assetphysics.com\/de\/wp-json\/wp\/v2\/types\/post"}],"author":[{"embeddable":true,"href":"https:\/\/assetphysics.com\/de\/wp-json\/wp\/v2\/users\/179"}],"replies":[{"embeddable":true,"href":"https:\/\/assetphysics.com\/de\/wp-json\/wp\/v2\/comments?post=23580"}],"version-history":[{"count":1,"href":"https:\/\/assetphysics.com\/de\/wp-json\/wp\/v2\/posts\/23580\/revisions"}],"predecessor-version":[{"id":23664,"href":"https:\/\/assetphysics.com\/de\/wp-json\/wp\/v2\/posts\/23580\/revisions\/23664"}],"wp:attachment":[{"href":"https:\/\/assetphysics.com\/de\/wp-json\/wp\/v2\/media?parent=23580"}],"wp:term":[{"taxonomy":"category","embeddable":true,"href":"https:\/\/assetphysics.com\/de\/wp-json\/wp\/v2\/categories?post=23580"},{"taxonomy":"post_tag","embeddable":true,"href":"https:\/\/assetphysics.com\/de\/wp-json\/wp\/v2\/tags?post=23580"},{"taxonomy":"type_content","embeddable":true,"href":"https:\/\/assetphysics.com\/de\/wp-json\/wp\/v2\/type_content?post=23580"}],"curies":[{"name":"wp","href":"https:\/\/api.w.org\/{rel}","templated":true}]}}