{"id":23915,"date":"2026-03-10T12:12:38","date_gmt":"2026-03-10T12:12:38","guid":{"rendered":"https:\/\/assetphysics.com\/?p=23915"},"modified":"2026-03-10T12:12:38","modified_gmt":"2026-03-10T12:12:38","slug":"proxity-ernennt-borja-hoya-zum-head-of-iberia","status":"publish","type":"post","link":"https:\/\/assetphysics.com\/de\/proxity-ernennt-borja-hoya-zum-head-of-iberia\/","title":{"rendered":"PROXITY ernennt Borja Hoya zum Head of Iberia"},"content":{"rendered":"\n\t<section class=\"snk-section snk-section_xs\" >\n\t\t<div class=\"container container-xs\">\n\n\t\t\t\n\n\t\t\t\n\t\t\t\t<div class=\"row snk-textColumns\">\n\t\t\t\t\t\n\t\t\t\t\t\t<div class=\"col col-12 snk-textColumn\">\n\t\t\t\t\t\t\t<div class=\"snk-textBlock\">\n\t\t\t\t\t\t\t\t\n\t\t\t\t\t\t\t\t\n\t\t\t\t\t\t\t\t\t\t\t\t\t\t\t\t\t<p>PROXITY hat Borja Hoya zum Head of Iberia ernannt. In dieser Funktion verantwortet er die M\u00e4rkte Spanien und Portugal. Er wird seine Position am 1. April 2026 antreten und seinen Sitz in Madrid haben.<\/p>\n\t\t\t\t\t\t\t\t\n\t\t\t\t\t\t\t\t\t\t\t\t\t\t\t<\/div>\n\t\t\t\t\t\t<\/div>\n\n\t\t\t\t\t\t\n\t\t\t\t<\/div>\n\n\t\t\t\t\t\t\t\t\t<\/div>\n\t<\/section>\n\n\n\n\t<section class=\"snk-section snk-section_xs\" >\n\t\t<div class=\"container container-xs\">\n\n\t\t\t\n\n\t\t\t\n\t\t\t\t<div class=\"row snk-textColumns\">\n\t\t\t\t\t\n\t\t\t\t\t\t<div class=\"col col-12 snk-textColumn\">\n\t\t\t\t\t\t\t<div class=\"snk-textBlock\">\n\t\t\t\t\t\t\t\t\n\t\t\t\t\t\t\t\t\n\t\t\t\t\t\t\t\t\t\t\t\t\t\t\t\t\t<p>In seiner neuen Rolle wird Hoya f\u00fcr das Management des iberischen Logistikportfolios von PROXITY im Rahmen des paneurop\u00e4ischen Betriebsmodells des Unternehmens verantwortlich sein. Er berichtet direkt an Yvo Postleb, Chief Operating Officer.<\/p>\n\t\t\t\t\t\t\t\t\n\t\t\t\t\t\t\t\t\t\t\t\t\t\t\t<\/div>\n\t\t\t\t\t\t<\/div>\n\n\t\t\t\t\t\t\n\t\t\t\t<\/div>\n\n\t\t\t\t\t\t\t\t\t<\/div>\n\t<\/section>\n\n\n\n\t<section class=\"snk-section snk-section_xs\" >\n\t\t<div class=\"container container-xs\">\n\n\t\t\t\n\n\t\t\t\n\t\t\t\t<div class=\"row snk-textColumns\">\n\t\t\t\t\t\n\t\t\t\t\t\t<div class=\"col col-12 snk-textColumn\">\n\t\t\t\t\t\t\t<div class=\"snk-textBlock\">\n\t\t\t\t\t\t\t\t\n\t\t\t\t\t\t\t\t\n\t\t\t\t\t\t\t\t\t\t\t\t\t\t\t\t\t<p>Spanien und Portugal sind integrale Bestandteile der Plattform von PROXITY und bieten Zugang zu wichtigen Konsumzentren, einer wachsenden Nachfrage nach Logistikfl\u00e4chen sowie strategischer Anbindung an europ\u00e4ische und globale Lieferketten.<\/p>\n\t\t\t\t\t\t\t\t\n\t\t\t\t\t\t\t\t\t\t\t\t\t\t\t<\/div>\n\t\t\t\t\t\t<\/div>\n\n\t\t\t\t\t\t\n\t\t\t\t<\/div>\n\n\t\t\t\t\t\t\t\t\t<\/div>\n\t<\/section>\n\n\n\n\t<section class=\"snk-section snk-section_xs\" >\n\t\t<div class=\"container container-xs\">\n\n\t\t\t\n\n\t\t\t\n\t\t\t\t<div class=\"row snk-textColumns\">\n\t\t\t\t\t\n\t\t\t\t\t\t<div class=\"col col-12 snk-textColumn\">\n\t\t\t\t\t\t\t<div class=\"snk-textBlock\">\n\t\t\t\t\t\t\t\t\n\t\t\t\t\t\t\t\t\n\t\t\t\t\t\t\t\t\t\t\t\t\t\t\t\t\t<p><strong>Guido Pi\u00f1ol,<\/strong> Chief Executive Officer von PROXITY, kommentiert: \u201eIberia entwickelt sich zu einer zunehmend dynamischen Logistikregion in Europa und wird ein wichtiger Bestandteil unseres Portfolios sein. Borjas langj\u00e4hrige Erfahrung in Spanien und Portugal sowie sein fundierter Hintergrund im Asset- und Investmentmanagement werden entscheidend sein, w\u00e4hrend wir uns darauf vorbereiten, die operative Verantwortung f\u00fcr das Portfolio zu \u00fcbernehmen.\u201c<\/p>\n\t\t\t\t\t\t\t\t\n\t\t\t\t\t\t\t\t\t\t\t\t\t\t\t<\/div>\n\t\t\t\t\t\t<\/div>\n\n\t\t\t\t\t\t\n\t\t\t\t<\/div>\n\n\t\t\t\t\t\t\t\t\t<\/div>\n\t<\/section>\n\n\n\n\t<section class=\"snk-section snk-section_xs\" >\n\t\t<div class=\"container container-xs\">\n\n\t\t\t\n\n\t\t\t\n\t\t\t\t<div class=\"row snk-textColumns\">\n\t\t\t\t\t\n\t\t\t\t\t\t<div class=\"col col-12 snk-textColumn\">\n\t\t\t\t\t\t\t<div class=\"snk-textBlock\">\n\t\t\t\t\t\t\t\t\n\t\t\t\t\t\t\t\t\n\t\t\t\t\t\t\t\t\t\t\t\t\t\t\t\t\t<p><strong>Borja Hoya<\/strong> sagt: \u201eIch freue mich, PROXITY noch vor dem offiziellen Start der Plattform beizutreten. Ich freue mich darauf, zum Aufbau der iberischen Organisation beizutragen und die Portfolios in Spanien und Portugal zu managen, um Performance und Wertsch\u00f6pfung voranzutreiben.\u201c<\/p>\n\t\t\t\t\t\t\t\t\n\t\t\t\t\t\t\t\t\t\t\t\t\t\t\t<\/div>\n\t\t\t\t\t\t<\/div>\n\n\t\t\t\t\t\t\n\t\t\t\t<\/div>\n\n\t\t\t\t\t\t\t\t\t<\/div>\n\t<\/section>\n\n\n\n\t<section class=\"snk-section snk-section_xs\" >\n\t\t<div class=\"container container-xs\">\n\n\t\t\t\n\n\t\t\t\n\t\t\t\t<div class=\"row snk-textColumns\">\n\t\t\t\t\t\n\t\t\t\t\t\t<div class=\"col col-12 snk-textColumn\">\n\t\t\t\t\t\t\t<div class=\"snk-textBlock\">\n\t\t\t\t\t\t\t\t\n\t\t\t\t\t\t\t\t\n\t\t\t\t\t\t\t\t\t\t\t\t\t\t\t\t\t<p>Borja Hoya verf\u00fcgt \u00fcber mehr als 20 Jahre Erfahrung im Logistik- und Immobilien-Asset-Management. Er wechselt von Invesco zu PROXITY, wo er seit 2017 als Head of Asset Management Spain and Portugal t\u00e4tig war. Zuvor hatte er leitende Positionen bei Sareb, Doughty Hanson sowie weiteren Investment- und Asset-Management-Plattformen inne.<\/p>\n\t\t\t\t\t\t\t\t\n\t\t\t\t\t\t\t\t\t\t\t\t\t\t\t<\/div>\n\t\t\t\t\t\t<\/div>\n\n\t\t\t\t\t\t\n\t\t\t\t<\/div>\n\n\t\t\t\t\t\t\t\t\t<\/div>\n\t<\/section>\n\n\n\n\t<section class=\"snk-section snk-section_xs\" >\n\t\t<div class=\"container container-xs\">\n\n\t\t\t\n\n\t\t\t\n\t\t\t\t<div class=\"row snk-textColumns\">\n\t\t\t\t\t\n\t\t\t\t\t\t<div class=\"col col-12 snk-textColumn\">\n\t\t\t\t\t\t\t<div class=\"snk-textBlock\">\n\t\t\t\t\t\t\t\t\n\t\t\t\t\t\t\t\t\n\t\t\t\t\t\t\t\t\t\t\t\t\t\t\t\t\t<p>Mit dieser Ernennung st\u00e4rkt PROXITY seine lokale F\u00fchrungsstruktur weiter im Vorfeld des geplanten Starts der Plattform im April 2026. Dieser markiert den \u00dcbergang von der Aufbauphase zur operativen Verantwortung \u2013 zun\u00e4chst in Deutschland, bevor weitere L\u00e4nder schrittweise integriert werden.<\/p>\n\t\t\t\t\t\t\t\t\n\t\t\t\t\t\t\t\t\t\t\t\t\t\t\t<\/div>\n\t\t\t\t\t\t<\/div>\n\n\t\t\t\t\t\t\n\t\t\t\t<\/div>\n\n\t\t\t\t\t\t\t\t\t<\/div>\n\t<\/section>\n\n\n\n\t<section class=\"snk-section snk-section_noPadding\">\n\t\t<div class=\"container container-xs\">\n\t\t\t<div class=\"snk-media snk-media_image\">\n\n\t\t\t\t\t\t\t\t\t<img decoding=\"async\" data-src=\"https:\/\/assetphysics.com\/wp-content\/uploads\/2026\/03\/vcsPRAsset_3484426_187799_1ffcf59b-47f8-41d5-9461-400e51f2acb5_0.jpg\" alt=\"Borja Hoya (Copyright: PROXITY)\" title=\"vcsPRAsset_3484426_187799_1ffcf59b-47f8-41d5-9461-400e51f2acb5_0\" src=\"data:image\/svg+xml;base64,PHN2ZyB3aWR0aD0iMSIgaGVpZ2h0PSIxIiB4bWxucz0iaHR0cDovL3d3dy53My5vcmcvMjAwMC9zdmciPjwvc3ZnPg==\" class=\"lazyload\" style=\"--smush-placeholder-width: 642px; --smush-placeholder-aspect-ratio: 642\/962;\" \/>\n\t\t\t\t\t\t<div class=\"snk-media-caption\">Borja Hoya\n(Copyright: PROXITY) <\/div>\t\t\t<\/div>\n\n\t\t\t\t\t<\/div>\n\n\t\t\t<\/section>\n\t","protected":false},"excerpt":{"rendered":"<p>PROXITY hat Borja Hoya als neuen Head of Iberia ernannt und er wird ab dem 1. April 2026 die M\u00e4rkte in Spanien und Portugal verantworten. Diese Ernennung st\u00e4rkt die F\u00fchrungsstruktur vor dem offiziellen Start der Plattform im April 2026.<\/p>\n","protected":false},"author":394,"featured_media":0,"comment_status":"closed","ping_status":"closed","sticky":false,"template":"","format":"standard","meta":{"_acf_changed":false,"inline_featured_image":false,"_co_authors":[],"footnotes":""},"categories":[875],"tags":[],"type_content":[170],"class_list":["post-23915","post","type-post","status-publish","format-standard","hentry","category-dynamics","type_content-news"],"acf":{"homepage_featured_article":false},"_links":{"self":[{"href":"https:\/\/assetphysics.com\/de\/wp-json\/wp\/v2\/posts\/23915","targetHints":{"allow":["GET"]}}],"collection":[{"href":"https:\/\/assetphysics.com\/de\/wp-json\/wp\/v2\/posts"}],"about":[{"href":"https:\/\/assetphysics.com\/de\/wp-json\/wp\/v2\/types\/post"}],"author":[{"embeddable":true,"href":"https:\/\/assetphysics.com\/de\/wp-json\/wp\/v2\/users\/394"}],"replies":[{"embeddable":true,"href":"https:\/\/assetphysics.com\/de\/wp-json\/wp\/v2\/comments?post=23915"}],"version-history":[{"count":1,"href":"https:\/\/assetphysics.com\/de\/wp-json\/wp\/v2\/posts\/23915\/revisions"}],"predecessor-version":[{"id":23931,"href":"https:\/\/assetphysics.com\/de\/wp-json\/wp\/v2\/posts\/23915\/revisions\/23931"}],"wp:attachment":[{"href":"https:\/\/assetphysics.com\/de\/wp-json\/wp\/v2\/media?parent=23915"}],"wp:term":[{"taxonomy":"category","embeddable":true,"href":"https:\/\/assetphysics.com\/de\/wp-json\/wp\/v2\/categories?post=23915"},{"taxonomy":"post_tag","embeddable":true,"href":"https:\/\/assetphysics.com\/de\/wp-json\/wp\/v2\/tags?post=23915"},{"taxonomy":"type_content","embeddable":true,"href":"https:\/\/assetphysics.com\/de\/wp-json\/wp\/v2\/type_content?post=23915"}],"curies":[{"name":"wp","href":"https:\/\/api.w.org\/{rel}","templated":true}]}}