{"id":24073,"date":"2026-03-12T12:09:31","date_gmt":"2026-03-12T12:09:31","guid":{"rendered":"https:\/\/assetphysics.com\/?p=24073"},"modified":"2026-03-12T12:09:31","modified_gmt":"2026-03-12T12:09:31","slug":"degewo-und-woehr-bauer-uebernehmen-wohnungsbauprojekt-lichterfelde-sued-von-der-groth-gruppe","status":"publish","type":"post","link":"https:\/\/assetphysics.com\/de\/degewo-und-woehr-bauer-uebernehmen-wohnungsbauprojekt-lichterfelde-sued-von-der-groth-gruppe\/","title":{"rendered":"degewo und W\u00d6HR + BAUER \u00fcbernehmen Wohnungsbauprojekt Lichterfelde S\u00fcd von der Groth Gruppe"},"content":{"rendered":"\n\t<section class=\"snk-section snk-section_xs\" >\n\t\t<div class=\"container container-xs\">\n\n\t\t\t\n\n\t\t\t\n\t\t\t\t<div class=\"row snk-textColumns\">\n\t\t\t\t\t\n\t\t\t\t\t\t<div class=\"col col-12 snk-textColumn\">\n\t\t\t\t\t\t\t<div class=\"snk-textBlock\">\n\t\t\t\t\t\t\t\t\n\t\t\t\t\t\t\t\t\n\t\t\t\t\t\t\t\t\t\t\t\t\t\t\t\t\t<p>Im S\u00fcden Berlins in Lichterfelde kann nun eines der gr\u00f6\u00dften Wohnentwicklungsprojekte der Hauptstadt starten. Die Groth Gruppe als bisherige Eigent\u00fcmerin des Areals und die Projektpartner haben alle wesentlichen Vertr\u00e4ge f\u00fcr die Entwicklung des neuen Stadtquartiers Neulichterfelde erfolgreich abgeschlossen.<\/p>\n\t\t\t\t\t\t\t\t\n\t\t\t\t\t\t\t\t\t\t\t\t\t\t\t<\/div>\n\t\t\t\t\t\t<\/div>\n\n\t\t\t\t\t\t\n\t\t\t\t<\/div>\n\n\t\t\t\t\t\t\t\t\t<\/div>\n\t<\/section>\n\n\n\t<section class=\"snk-section snk-section_xs\" >\n\t\t<div class=\"container container-xs\">\n\n\t\t\t\n\n\t\t\t\n\t\t\t\t<div class=\"row snk-textColumns\">\n\t\t\t\t\t\n\t\t\t\t\t\t<div class=\"col col-12 snk-textColumn\">\n\t\t\t\t\t\t\t<div class=\"snk-textBlock\">\n\t\t\t\t\t\t\t\t\n\t\t\t\t\t\t\t\t\t\t\t\t\t\t\t\t\t<h3>Eine der gr\u00f6\u00dften Wohnentwicklungen Berlins kann beginnen.<\/h3>\n\t\t\t\t\t\t\t\t\n\t\t\t\t\t\t\t\t\t\t\t\t\t\t\t\t\t<p>degewo und W\u00d6HR + BAUER \u00fcbernehmen Wohnungsbauprojekt Lichterfelde S\u00fcd von der Groth Gruppe. Projektpartner schlie\u00dfen erfolgreich zentrale Vertr\u00e4ge f\u00fcr die Realisierung eines der gr\u00f6\u00dften Stadtquartiere Berlins mit ca. 2.500 neuen Wohneinheiten<\/p>\n\t\t\t\t\t\t\t\t\n\t\t\t\t\t\t\t\t\t\t\t\t\t\t\t<\/div>\n\t\t\t\t\t\t<\/div>\n\n\t\t\t\t\t\t\n\t\t\t\t<\/div>\n\n\t\t\t\t\t\t\t\t\t<\/div>\n\t<\/section>\n\n\n\t<section class=\"snk-section snk-section_xs\" >\n\t\t<div class=\"container container-xs\">\n\n\t\t\t\n\n\t\t\t\n\t\t\t\t<div class=\"row snk-textColumns\">\n\t\t\t\t\t\n\t\t\t\t\t\t<div class=\"col col-12 snk-textColumn\">\n\t\t\t\t\t\t\t<div class=\"snk-textBlock\">\n\t\t\t\t\t\t\t\t\n\t\t\t\t\t\t\t\t\n\t\t\t\t\t\t\t\t\t\t\t\t\t\t\t\t\t<p>\u00b7 In Berlin-Lichterfelde S\u00fcd geht es in die Umsetzung eines gemischt genutzten Stadtquartiers mit ca. 2.500 Wohneinheiten, durchdachter sozialer Infrastruktur, optimaler Verkehrsanbindung, gro\u00dfz\u00fcgigen \u00f6ffentlichen Gr\u00fcnfl\u00e4chen und der sogenannten \u201eLichterfelder Weidelandschaft\u201c mit rund 61 Hektar.<br \/>\n\u00b7 degewo realisiert \u00fcber 1.000 Wohnungen f\u00fcr den eigenen Bestand, davon \u00fcber 50 % gef\u00f6rdert.<br \/>\n\u00b7 Das Joint Venture von degewo mit W\u00d6HR + BAUER realisiert \u00fcber 850 freifinanzierte Wohnungen und ein Quartierszentrum in urbaner Qualit\u00e4t.<br \/>\n\u00b7 Der bisherige Eigent\u00fcmer, der Projektentwickler Groth Gruppe, entwickelt rund 420 Reihenh\u00e4user.<br \/>\n\u00b7 Die Erschlie\u00dfung des kompletten rund 36 Hektar gro\u00dfen Entwicklungsareals \u00fcbernimmt das Joint Venture von degewo mit W\u00d6HR + BAUER.<\/p>\n\t\t\t\t\t\t\t\t\n\t\t\t\t\t\t\t\t\t\t\t\t\t\t\t<\/div>\n\t\t\t\t\t\t<\/div>\n\n\t\t\t\t\t\t\n\t\t\t\t<\/div>\n\n\t\t\t\t\t\t\t\t\t<\/div>\n\t<\/section>\n\n\n\t<section class=\"snk-section snk-section_xs\" >\n\t\t<div class=\"container container-xs\">\n\n\t\t\t\n\n\t\t\t\n\t\t\t\t<div class=\"row snk-textColumns\">\n\t\t\t\t\t\n\t\t\t\t\t\t<div class=\"col col-12 snk-textColumn\">\n\t\t\t\t\t\t\t<div class=\"snk-textBlock\">\n\t\t\t\t\t\t\t\t\n\t\t\t\t\t\t\t\t\n\t\t\t\t\t\t\t\t\t\t\t\t\t\t\t\t\t<p>Berlin \u2013 Im S\u00fcden Berlins in Lichterfelde kann nun eines der gr\u00f6\u00dften Wohnentwicklungsprojekte der Hauptstadt starten. Die Groth Gruppe als bisherige Eigent\u00fcmerin des Areals und die Projektpartner haben alle wesentlichen Vertr\u00e4ge f\u00fcr die Entwicklung des neuen Stadtquartiers Neulichterfelde erfolgreich abgeschlossen. Damit sind die Voraussetzungen f\u00fcr eine Umsetzung des Projekts im Zeitraum von 2026 bis 2035 geschaffen.<\/p>\n\t\t\t\t\t\t\t\t\n\t\t\t\t\t\t\t\t\t\t\t\t\t\t\t<\/div>\n\t\t\t\t\t\t<\/div>\n\n\t\t\t\t\t\t\n\t\t\t\t<\/div>\n\n\t\t\t\t\t\t\t\t\t<\/div>\n\t<\/section>\n\n\n\t<section class=\"snk-section snk-section_xs\" >\n\t\t<div class=\"container container-xs\">\n\n\t\t\t\n\n\t\t\t\n\t\t\t\t<div class=\"row snk-textColumns\">\n\t\t\t\t\t\n\t\t\t\t\t\t<div class=\"col col-12 snk-textColumn\">\n\t\t\t\t\t\t\t<div class=\"snk-textBlock\">\n\t\t\t\t\t\t\t\t\n\t\t\t\t\t\t\t\t\n\t\t\t\t\t\t\t\t\t\t\t\t\t\t\t\t\t<p>Auf dem rund 97 Hektar gro\u00dfen Gesamtareal, davon 36 Hektar Entwicklungsfl\u00e4che und 61 Hektar Weidelandschaft, sollen etwa 2.500 Wohnungen entstehen. Geplant ist ein gemischt genutztes Quartier mit einem breiten Angebot an gef\u00f6rderten und freifinanzierten Wohnungen f\u00fcr unterschiedliche Haushaltsgr\u00f6\u00dfen und Einkommensgruppen. Erg\u00e4nzt wird das Wohnangebot durch eine leistungsf\u00e4hige soziale Infrastruktur und eine gute Anbindung an den \u00f6ffentlichen Nahverkehr. Die 61 Hektar gro\u00dfe \u201eLichterfelder Weidelandschaft\u201c bleibt als Hotspot der Biodiversit\u00e4t erhalten.<\/p>\n\t\t\t\t\t\t\t\t\n\t\t\t\t\t\t\t\t\t\t\t\t\t\t\t<\/div>\n\t\t\t\t\t\t<\/div>\n\n\t\t\t\t\t\t\n\t\t\t\t<\/div>\n\n\t\t\t\t\t\t\t\t\t<\/div>\n\t<\/section>\n\n\n\t<section class=\"snk-section snk-section_xs\" >\n\t\t<div class=\"container container-xs\">\n\n\t\t\t\n\n\t\t\t\n\t\t\t\t<div class=\"row snk-textColumns\">\n\t\t\t\t\t\n\t\t\t\t\t\t<div class=\"col col-12 snk-textColumn\">\n\t\t\t\t\t\t\t<div class=\"snk-textBlock\">\n\t\t\t\t\t\t\t\t\n\t\t\t\t\t\t\t\t\n\t\t\t\t\t\t\t\t\t\t\t\t\t\t\t\t\t<p>Christian Gaebler, Senator f\u00fcr Stadtentwicklung, Bauen und Wohnen: \u201eWir brauchen bezahlbaren Wohnraum in allen Teilen der Stadt. Die neue Partnerschaft sichert 2.500 Wohnungen in Lichterfelde S\u00fcd, das bedeutet ein neues Zuhause f\u00fcr \u00fcber 5.000 Menschen in Berlin. Wir bleiben mit dieser Entwicklung auf Wachstumskurs in Sachen Wohnungsbau. In dieser Legislaturperiode werden 80.000 neue Wohnungen entstehen. Das ist eine gute Nachricht f\u00fcr die Mieterinnen und Mieter in Berlin.\u201c<\/p>\n\t\t\t\t\t\t\t\t\n\t\t\t\t\t\t\t\t\t\t\t\t\t\t\t<\/div>\n\t\t\t\t\t\t<\/div>\n\n\t\t\t\t\t\t\n\t\t\t\t<\/div>\n\n\t\t\t\t\t\t\t\t\t<\/div>\n\t<\/section>\n\n\n\t<section class=\"snk-section snk-section_xs\" >\n\t\t<div class=\"container container-xs\">\n\n\t\t\t\n\n\t\t\t\n\t\t\t\t<div class=\"row snk-textColumns\">\n\t\t\t\t\t\n\t\t\t\t\t\t<div class=\"col col-12 snk-textColumn\">\n\t\t\t\t\t\t\t<div class=\"snk-textBlock\">\n\t\t\t\t\t\t\t\t\n\t\t\t\t\t\t\t\t\n\t\t\t\t\t\t\t\t\t\t\t\t\t\t\t\t\t<p>Patrick Steinhoff, Bezirksstadtrat f\u00fcr Stadtentwicklung: \u201eWir freuen uns auf die neuen Beteiligten im Projekt, die mit Engagement dringend ben\u00f6tigten Wohnraum im Berliner S\u00fcdwesten schaffen. Der Bezirk Steglitz-Zehlendorf wird in enger Abstimmung auch mit den Projektpartnern die Realisierung des gr\u00f6\u00dften Wohnungsbauvorhabens in Steglitz-Zehlendorf begleiten.\u201c<\/p>\n\t\t\t\t\t\t\t\t\n\t\t\t\t\t\t\t\t\t\t\t\t\t\t\t<\/div>\n\t\t\t\t\t\t<\/div>\n\n\t\t\t\t\t\t\n\t\t\t\t<\/div>\n\n\t\t\t\t\t\t\t\t\t<\/div>\n\t<\/section>\n\n\n\t<section class=\"snk-section snk-section_xs\" >\n\t\t<div class=\"container container-xs\">\n\n\t\t\t\n\n\t\t\t\n\t\t\t\t<div class=\"row snk-textColumns\">\n\t\t\t\t\t\n\t\t\t\t\t\t<div class=\"col col-12 snk-textColumn\">\n\t\t\t\t\t\t\t<div class=\"snk-textBlock\">\n\t\t\t\t\t\t\t\t\n\t\t\t\t\t\t\t\t\t\t\t\t\t\t\t\t\t<h3>degewo st\u00e4rkt den eigenen Bestand mit \u00fcber 1.000 Wohnungen<\/h3>\n\t\t\t\t\t\t\t\t\n\t\t\t\t\t\t\t\t\t\t\t\t\t\t\t\t\t<p>degewo, eines der f\u00fchrenden kommunalen Wohnungsunternehmen Berlins, entwickelt \u00fcber 1.000 Wohnungen f\u00fcr den eigenen Bestand, davon \u00fcber 50 % gef\u00f6rdert. Damit tr\u00e4gt das kommunale Wohnungsunternehmen ma\u00dfgeblich zur langfristigen Sicherung von bezahlbarem Wohnraum im neuen Quartier bei.<\/p>\n\t\t\t\t\t\t\t\t\n\t\t\t\t\t\t\t\t\t\t\t\t\t\t\t<\/div>\n\t\t\t\t\t\t<\/div>\n\n\t\t\t\t\t\t\n\t\t\t\t<\/div>\n\n\t\t\t\t\t\t\t\t\t<\/div>\n\t<\/section>\n\n\n\t<section class=\"snk-section snk-section_xs\" >\n\t\t<div class=\"container container-xs\">\n\n\t\t\t\n\n\t\t\t\n\t\t\t\t<div class=\"row snk-textColumns\">\n\t\t\t\t\t\n\t\t\t\t\t\t<div class=\"col col-12 snk-textColumn\">\n\t\t\t\t\t\t\t<div class=\"snk-textBlock\">\n\t\t\t\t\t\t\t\t\n\t\t\t\t\t\t\t\t\t\t\t\t\t\t\t\t\t<h3>degewo mit W\u00d6HR + BAUER \u2013 starke Partnerschaft f\u00fcr \u00fcber 850 Wohnungen<\/h3>\n\t\t\t\t\t\t\t\t\n\t\t\t\t\t\t\t\t\t\t\t\t\t\t\t\t\t<p>Das Joint Venture von degewo mit W\u00d6HR + BAUER realisiert in vier Bauabschnitten \u00fcber 850 Wohnungen sowie zentrale Bausteine des Quartiers, darunter das Quartierszentrum und eine klimaneutrale Energieversorgung der Wohnungen.<\/p>\n\t\t\t\t\t\t\t\t\n\t\t\t\t\t\t\t\t\t\t\t\t\t\t\t<\/div>\n\t\t\t\t\t\t<\/div>\n\n\t\t\t\t\t\t\n\t\t\t\t<\/div>\n\n\t\t\t\t\t\t\t\t\t<\/div>\n\t<\/section>\n\n\n\t<section class=\"snk-section snk-section_xs\" >\n\t\t<div class=\"container container-xs\">\n\n\t\t\t\n\n\t\t\t\n\t\t\t\t<div class=\"row snk-textColumns\">\n\t\t\t\t\t\n\t\t\t\t\t\t<div class=\"col col-12 snk-textColumn\">\n\t\t\t\t\t\t\t<div class=\"snk-textBlock\">\n\t\t\t\t\t\t\t\t\n\t\t\t\t\t\t\t\t\n\t\t\t\t\t\t\t\t\t\t\t\t\t\t\t\t\t<p>\u201eMit W\u00d6HR + BAUER haben wir einen Joint-Venture-Partner mit hoher Verl\u00e4sslichkeit und Umsetzungskompetenz gefunden\u201c, erkl\u00e4rt Kai-Marten Maack, ab Mai 2026 Mitglied des Vorstands der degewo. \u201eHier b\u00fcndeln kommunale und private Akteure ihre Kr\u00e4fte, um wirksam zur Entlastung des Berliner Wohnungsmarktes beizutragen.\u201c<\/p>\n\t\t\t\t\t\t\t\t\n\t\t\t\t\t\t\t\t\t\t\t\t\t\t\t<\/div>\n\t\t\t\t\t\t<\/div>\n\n\t\t\t\t\t\t\n\t\t\t\t<\/div>\n\n\t\t\t\t\t\t\t\t\t<\/div>\n\t<\/section>\n\n\n\t<section class=\"snk-section snk-section_xs\" >\n\t\t<div class=\"container container-xs\">\n\n\t\t\t\n\n\t\t\t\n\t\t\t\t<div class=\"row snk-textColumns\">\n\t\t\t\t\t\n\t\t\t\t\t\t<div class=\"col col-12 snk-textColumn\">\n\t\t\t\t\t\t\t<div class=\"snk-textBlock\">\n\t\t\t\t\t\t\t\t\n\t\t\t\t\t\t\t\t\n\t\t\t\t\t\t\t\t\t\t\t\t\t\t\t\t\t<p>Christoph Beck, Vorstand der degewo, erg\u00e4nzt: \u201eAls kommunales Wohnungsunternehmen haben wir den Auftrag, bezahlbaren Wohnraum bereitzustellen. Wir freuen uns daher sehr, hier \u00fcber 1.000 bezahlbare Wohnungen schaffen zu k\u00f6nnen. Damit wird eines der gr\u00f6\u00dften Neubauprojekte realisiert, das wir jemals umgesetzt haben. Damit leisten wir auch in einer wachsenden Stadt weiter unseren Beitrag.\u201c<\/p>\n\t\t\t\t\t\t\t\t\n\t\t\t\t\t\t\t\t\t\t\t\t\t\t\t<\/div>\n\t\t\t\t\t\t<\/div>\n\n\t\t\t\t\t\t\n\t\t\t\t<\/div>\n\n\t\t\t\t\t\t\t\t\t<\/div>\n\t<\/section>\n\n\n\t<section class=\"snk-section snk-section_xs\" >\n\t\t<div class=\"container container-xs\">\n\n\t\t\t\n\n\t\t\t\n\t\t\t\t<div class=\"row snk-textColumns\">\n\t\t\t\t\t\n\t\t\t\t\t\t<div class=\"col col-12 snk-textColumn\">\n\t\t\t\t\t\t\t<div class=\"snk-textBlock\">\n\t\t\t\t\t\t\t\t\n\t\t\t\t\t\t\t\t\n\t\t\t\t\t\t\t\t\t\t\t\t\t\t\t\t\t<p>Zentraler Bestandteil des Quartiers ist der Quartiersplatz am S-Bahnhof mit B\u00fcros, Praxen und Gesch\u00e4ften zur Nahversorgung. Vorgesehen sind unter anderem drei Kindertagesst\u00e4tten und eine Schule mit Sportfl\u00e4chen und Turnhalle. \u201eWir schaffen hier ein Quartier, das wirklich funktioniert. Der Quartiersplatz soll mit seiner klaren st\u00e4dtebaulichen Identit\u00e4t und hoher Aufenthaltsqualit\u00e4t das Herzst\u00fcck bilden und als lebendiger Treffpunkt f\u00fcr unterschiedliche Generationen dienen\u201c, erkl\u00e4rt Wolfgang Roeck, Gesellschafter und Gesch\u00e4ftsf\u00fchrer von W\u00d6HR + BAUER.<\/p>\n\t\t\t\t\t\t\t\t\n\t\t\t\t\t\t\t\t\t\t\t\t\t\t\t<\/div>\n\t\t\t\t\t\t<\/div>\n\n\t\t\t\t\t\t\n\t\t\t\t<\/div>\n\n\t\t\t\t\t\t\t\t\t<\/div>\n\t<\/section>\n\n\n\t<section class=\"snk-section snk-section_xs\" >\n\t\t<div class=\"container container-xs\">\n\n\t\t\t\n\n\t\t\t\n\t\t\t\t<div class=\"row snk-textColumns\">\n\t\t\t\t\t\n\t\t\t\t\t\t<div class=\"col col-12 snk-textColumn\">\n\t\t\t\t\t\t\t<div class=\"snk-textBlock\">\n\t\t\t\t\t\t\t\t\n\t\t\t\t\t\t\t\t\n\t\t\t\t\t\t\t\t\t\t\t\t\t\t\t\t\t<p>Das Quartier ist verkehrlich gut angebunden: \u00dcber den S-Bahnhof Lichterfelde S\u00fcd und mehrere Buslinien besteht eine direkte Verbindung in die Innenstadt; der Berliner Hauptbahnhof ist in rund 45 Minuten erreichbar.<\/p>\n\t\t\t\t\t\t\t\t\n\t\t\t\t\t\t\t\t\t\t\t\t\t\t\t<\/div>\n\t\t\t\t\t\t<\/div>\n\n\t\t\t\t\t\t\n\t\t\t\t<\/div>\n\n\t\t\t\t\t\t\t\t\t<\/div>\n\t<\/section>\n\n\n\t<section class=\"snk-section snk-section_xs\" >\n\t\t<div class=\"container container-xs\">\n\n\t\t\t\n\n\t\t\t\n\t\t\t\t<div class=\"row snk-textColumns\">\n\t\t\t\t\t\n\t\t\t\t\t\t<div class=\"col col-12 snk-textColumn\">\n\t\t\t\t\t\t\t<div class=\"snk-textBlock\">\n\t\t\t\t\t\t\t\t\n\t\t\t\t\t\t\t\t\n\t\t\t\t\t\t\t\t\t\t\t\t\t\t\t\t\t<p>Au\u00dferdem \u00fcbernimmt das Joint Venture von degewo mit W\u00d6HR + BAUER die Erschlie\u00dfung des rund 36 Hektar gro\u00dfen Entwicklungsareals.<\/p>\n\t\t\t\t\t\t\t\t\n\t\t\t\t\t\t\t\t\t\t\t\t\t\t\t<\/div>\n\t\t\t\t\t\t<\/div>\n\n\t\t\t\t\t\t\n\t\t\t\t<\/div>\n\n\t\t\t\t\t\t\t\t\t<\/div>\n\t<\/section>\n\n\n\t<section class=\"snk-section snk-section_xs\" >\n\t\t<div class=\"container container-xs\">\n\n\t\t\t\n\n\t\t\t\n\t\t\t\t<div class=\"row snk-textColumns\">\n\t\t\t\t\t\n\t\t\t\t\t\t<div class=\"col col-12 snk-textColumn\">\n\t\t\t\t\t\t\t<div class=\"snk-textBlock\">\n\t\t\t\t\t\t\t\t\n\t\t\t\t\t\t\t\t\t\t\t\t\t\t\t\t\t<h3>Bisheriger Eigent\u00fcmer Groth Gruppe beteiligt sich mit rund 420 Reihenh\u00e4usern an der Quartiersentwicklung<\/h3>\n\t\t\t\t\t\t\t\t\n\t\t\t\t\t\t\t\t\t\t\t\t\t\t\t\t\t<p>Rund 420 Reihenh\u00e4user werden von der Groth Gruppe entwickelt. Das Unternehmen war bisher Eigent\u00fcmer des Areals und hatte in den letzten 14 Jahren die Entwicklung des Projekts ma\u00dfgeblich vorangetrieben.<\/p>\n<p>Mit dem Satzungsbeschluss f\u00fcr den Bebauungsplan im Bezirk Steglitz-Zehlendorf im Jahr 2024 wurde die planungsrechtliche Grundlage f\u00fcr die Umsetzung des neuen Stadtquartiers Neulichterfelde geschaffen.<\/p>\n<p>Thomas Groth, Gesch\u00e4ftsf\u00fchrer der Groth Gruppe, sagt: \u201eWir freuen uns auf die neue Partnerschaft und darauf, einen Teil dieses gro\u00dfen Stadtentwicklungsprojekts gemeinsam umzusetzen.\u201c<\/p>\n\t\t\t\t\t\t\t\t\n\t\t\t\t\t\t\t\t\t\t\t\t\t\t\t<\/div>\n\t\t\t\t\t\t<\/div>\n\n\t\t\t\t\t\t\n\t\t\t\t<\/div>\n\n\t\t\t\t\t\t\t\t\t<\/div>\n\t<\/section>\n\n\n\t<section class=\"snk-section snk-section_xs\" >\n\t\t<div class=\"container container-xs\">\n\n\t\t\t\n\n\t\t\t\n\t\t\t\t<div class=\"row snk-textColumns\">\n\t\t\t\t\t\n\t\t\t\t\t\t<div class=\"col col-12 snk-textColumn\">\n\t\t\t\t\t\t\t<div class=\"snk-textBlock\">\n\t\t\t\t\t\t\t\t\n\t\t\t\t\t\t\t\t\t\t\t\t\t\t\t\t\t<h3>Strategischer Beitrag zur bezahlbaren Wohnraumversorgung<\/h3>\n\t\t\t\t\t\t\t\t\n\t\t\t\t\t\t\t\t\t\t\t\t\t\t\t\t\t<p>Der Berliner Wohnungsmarkt bleibt angespannt: W\u00e4hrend laut Pestel-Institut bis 2028 j\u00e4hrlich rund 20.000 neue Wohnungen ben\u00f6tigt werden, ist die Zahl der Baugenehmigungen zuletzt deutlich gesunken. Gerade im Berliner S\u00fcden besteht ein strukturelles Angebotsdefizit.<\/p>\n<p>\u201eBezahlbarer Wohnraum entsteht nur, wenn Projekte verl\u00e4sslich geplant und umgesetzt werden k\u00f6nnen. Derzeit hemmen hohe Zinsen, gestiegene Eigenkapitalanforderungen und zuweilen die Zur\u00fcckhaltung von Investoren die Neubaut\u00e4tigkeit\u201c, erg\u00e4nzt Roeck. \u201eWenn wir den Wohnungsbau wieder in Gang bringen wollen, braucht es starke Partnerschaften und verl\u00e4ssliche Rahmenbedingungen zwischen kommunalen und privaten Akteuren. Mit Neulichterfelde zeigen wir, wie damit neue Wohnangebote geschaffen werden k\u00f6nnen.\u201c<\/p>\n\t\t\t\t\t\t\t\t\n\t\t\t\t\t\t\t\t\t\t\t\t\t\t\t<\/div>\n\t\t\t\t\t\t<\/div>\n\n\t\t\t\t\t\t\n\t\t\t\t<\/div>\n\n\t\t\t\t\t\t\t\t\t<\/div>\n\t<\/section>\n\n\n\t<section class=\"snk-section snk-section_xs\" >\n\t\t<div class=\"container container-xs\">\n\n\t\t\t\n\n\t\t\t\n\t\t\t\t<div class=\"row snk-textColumns\">\n\t\t\t\t\t\n\t\t\t\t\t\t<div class=\"col col-12 snk-textColumn\">\n\t\t\t\t\t\t\t<div class=\"snk-textBlock\">\n\t\t\t\t\t\t\t\t\n\t\t\t\t\t\t\t\t\n\t\t\t\t\t\t\t\t\t\t\t\t\t\t\t\t\t<p>W\u00d6HR + BAUER entwickelt und realisiert seit rund 35 Jahren Gewerbe, Wohnraum und Mobilit\u00e4tsl\u00f6sungen unter anderem in Berlin.<\/p>\n\t\t\t\t\t\t\t\t\n\t\t\t\t\t\t\t\t\t\t\t\t\t\t\t<\/div>\n\t\t\t\t\t\t<\/div>\n\n\t\t\t\t\t\t\n\t\t\t\t<\/div>\n\n\t\t\t\t\t\t\t\t\t<\/div>\n\t<\/section>\n","protected":false},"excerpt":{"rendered":"<p>Im Berliner Stadtteil Lichterfelde S\u00fcd beginnt eines der gr\u00f6\u00dften Wohnentwicklungsprojekte mit ca. 2.500 neuen Wohneinheiten. Die degewo und W\u00d6HR + BAUER haben das Projekt von der Groth Gruppe \u00fcbernommen und planen eine gemischte Nutzung mit umfangreicher sozialer Infrastruktur.<\/p>\n","protected":false},"author":306,"featured_media":0,"comment_status":"closed","ping_status":"closed","sticky":false,"template":"","format":"standard","meta":{"_acf_changed":false,"inline_featured_image":false,"_co_authors":[401,402],"footnotes":""},"categories":[676,677],"tags":[],"type_content":[170],"class_list":["post-24073","post","type-post","status-publish","format-standard","hentry","category-cooperations","category-developments","type_content-news"],"acf":{"homepage_featured_article":false},"_links":{"self":[{"href":"https:\/\/assetphysics.com\/de\/wp-json\/wp\/v2\/posts\/24073","targetHints":{"allow":["GET"]}}],"collection":[{"href":"https:\/\/assetphysics.com\/de\/wp-json\/wp\/v2\/posts"}],"about":[{"href":"https:\/\/assetphysics.com\/de\/wp-json\/wp\/v2\/types\/post"}],"author":[{"embeddable":true,"href":"https:\/\/assetphysics.com\/de\/wp-json\/wp\/v2\/users\/306"}],"replies":[{"embeddable":true,"href":"https:\/\/assetphysics.com\/de\/wp-json\/wp\/v2\/comments?post=24073"}],"version-history":[{"count":3,"href":"https:\/\/assetphysics.com\/de\/wp-json\/wp\/v2\/posts\/24073\/revisions"}],"predecessor-version":[{"id":24144,"href":"https:\/\/assetphysics.com\/de\/wp-json\/wp\/v2\/posts\/24073\/revisions\/24144"}],"wp:attachment":[{"href":"https:\/\/assetphysics.com\/de\/wp-json\/wp\/v2\/media?parent=24073"}],"wp:term":[{"taxonomy":"category","embeddable":true,"href":"https:\/\/assetphysics.com\/de\/wp-json\/wp\/v2\/categories?post=24073"},{"taxonomy":"post_tag","embeddable":true,"href":"https:\/\/assetphysics.com\/de\/wp-json\/wp\/v2\/tags?post=24073"},{"taxonomy":"type_content","embeddable":true,"href":"https:\/\/assetphysics.com\/de\/wp-json\/wp\/v2\/type_content?post=24073"}],"curies":[{"name":"wp","href":"https:\/\/api.w.org\/{rel}","templated":true}]}}