{"id":28783,"date":"2026-04-24T06:53:17","date_gmt":"2026-04-24T06:53:17","guid":{"rendered":"https:\/\/assetphysics.com\/?p=28783"},"modified":"2026-04-24T06:53:17","modified_gmt":"2026-04-24T06:53:17","slug":"industriedenkmal-salzmann-grundsteinlegung-fuer-neues-wohnquartier-in-kassel-bettenhausen","status":"publish","type":"post","link":"https:\/\/assetphysics.com\/de\/industriedenkmal-salzmann-grundsteinlegung-fuer-neues-wohnquartier-in-kassel-bettenhausen\/","title":{"rendered":"Industriedenkmal Salzmann \u2013 Grundsteinlegung f\u00fcr neues Wohnquartier in Kassel-Bettenhausen"},"content":{"rendered":"\n\t<section class=\"snk-section snk-section_xs\" >\n\t\t<div class=\"container container-xs\">\n\n\t\t\t\n\n\t\t\t\n\t\t\t\t<div class=\"row snk-textColumns\">\n\t\t\t\t\t\n\t\t\t\t\t\t<div class=\"col col-12 snk-textColumn\">\n\t\t\t\t\t\t\t<div class=\"snk-textBlock\">\n\t\t\t\t\t\t\t\t\n\t\t\t\t\t\t\t\t\n\t\t\t\t\t\t\t\t\t\t\t\t\t\t\t\t\t<p>Mit einem feierlichen Festakt wurde gestern der Grundstein f\u00fcr die neue compassio Seniorenresidenz auf dem Areal des Wohncarre\u00e9s Industriedenkmal Salzmann in Kassel-Bettenhausen gelegt. Das Ereignis markierte dabei nicht nur den Baustart f\u00fcr den modernen Pflegestandort, sondern gilt als symbolischer erster Meilenstein f\u00fcr die Entwicklung des gesamten Areals hin zu einem neuen, lebendigen Wohnquartier und Mittelpunkt im Stadtbezirk Bettenhausen.<\/p>\n\t\t\t\t\t\t\t\t\n\t\t\t\t\t\t\t\t\t\t\t\t\t\t\t<\/div>\n\t\t\t\t\t\t<\/div>\n\n\t\t\t\t\t\t\n\t\t\t\t<\/div>\n\n\t\t\t\t\t\t\t\t\t<\/div>\n\t<\/section>\n\n\n\n\t<section class=\"snk-section snk-section_xs\" >\n\t\t<div class=\"container container-xs\">\n\n\t\t\t\n\n\t\t\t\n\t\t\t\t<div class=\"row snk-textColumns\">\n\t\t\t\t\t\n\t\t\t\t\t\t<div class=\"col col-12 snk-textColumn\">\n\t\t\t\t\t\t\t<div class=\"snk-textBlock\">\n\t\t\t\t\t\t\t\t\n\t\t\t\t\t\t\t\t\n\t\t\t\t\t\t\t\t\t\t\t\t\t\t\t\t\t<p>Im Beisein des Kasseler Oberb\u00fcrgermeisters Dr. Sven Schoeller und der Stadtbaur\u00e4tin Simone Fedderke wurde die traditionelle Zeitkapsel gemeinsam mit den weiteren Projektbeteiligten von Seiten der Bauherrin Cureus, des k\u00fcnftigen Betreibers f\u00fcr die Seniorenwohn- und Pflegeangebote, compassio, und der Firma MBN als Generalunternehmer f\u00fcr den Neubau der Residenz, im Fundament versenkt. Neben dem eigentlichen Festakt wurden den rund 150 G\u00e4sten auch vertiefende Informationen zu neu entstehenden Wohncarre\u00e9 und erste Einblicke in die Baustelle pr\u00e4sentiert. F\u00fcr die weiteren Bauabschnitte fungiert Cureus selbst als Generalunternehmer. Das neue Wohnquartier entsteht an der Sandersh\u00e4user Stra\u00dfe 34 in 34123 Kassel (Hessen).<\/p>\n\t\t\t\t\t\t\t\t\n\t\t\t\t\t\t\t\t\t\t\t\t\t\t\t<\/div>\n\t\t\t\t\t\t<\/div>\n\n\t\t\t\t\t\t\n\t\t\t\t<\/div>\n\n\t\t\t\t\t\t\t\t\t<\/div>\n\t<\/section>\n\n\n\n\t<section class=\"snk-section snk-section_xs\" >\n\t\t<div class=\"container container-xs\">\n\n\t\t\t\n\n\t\t\t\n\t\t\t\t<div class=\"row snk-textColumns\">\n\t\t\t\t\t\n\t\t\t\t\t\t<div class=\"col col-12 snk-textColumn\">\n\t\t\t\t\t\t\t<div class=\"snk-textBlock\">\n\t\t\t\t\t\t\t\t\n\t\t\t\t\t\t\t\t\n\t\t\t\t\t\t\t\t\t\t\t\t\t\t\t\t\t<p>\u201eMit der Entwicklung des Salzmann-Areals verwirklicht sich f\u00fcr die Stadt Kassel eine lang ersehnte Zukunftsperspektive. Im Kasseler Osten wird damit ein neues und attraktives Kapitel der Stadtentwicklung aufgeschlagen. Das historische Industriedenkmal wird hochwertig erhalten und gleichzeitig wird Wohn- und Lebensqualit\u00e4t im Quartier geschaffen, die den Bed\u00fcrfnissen unterschiedlicher Bev\u00f6lkerungsgruppen, insbesondere \u00e4lteren Menschen und Haushalten mit geringem Einkommen, gerecht wird. Dar\u00fcber freuen wir uns sehr\u201c, sagte Oberb\u00fcrgermeister Sven Schoeller und bedankte sich f\u00fcr die gute Zusammenarbeit mit den beteiligten Unternehmen.<\/p>\n\t\t\t\t\t\t\t\t\n\t\t\t\t\t\t\t\t\t\t\t\t\t\t\t<\/div>\n\t\t\t\t\t\t<\/div>\n\n\t\t\t\t\t\t\n\t\t\t\t<\/div>\n\n\t\t\t\t\t\t\t\t\t<\/div>\n\t<\/section>\n\n\n\n\t<section class=\"snk-section snk-section_xs\" >\n\t\t<div class=\"container container-xs\">\n\n\t\t\t\n\n\t\t\t\n\t\t\t\t<div class=\"row snk-textColumns\">\n\t\t\t\t\t\n\t\t\t\t\t\t<div class=\"col col-12 snk-textColumn\">\n\t\t\t\t\t\t\t<div class=\"snk-textBlock\">\n\t\t\t\t\t\t\t\t\n\t\t\t\t\t\t\t\t\n\t\t\t\t\t\t\t\t\t\t\t\t\t\t\t\t\t<p>\u201eDie Revitalisierung des Salzmann-Areals ist ein Schl\u00fcsselprojekt f\u00fcr die Kasseler Stadtentwicklung\u201c, sagt Kassels Stadtbaur\u00e4tin Simone Fedderke. \u201eEs ist beeindruckend zu sehen, wie hier die Balance zwischen dem Erhalt unseres industriellen Erbes und der Schaffung von modernem, dringend ben\u00f6tigtem Wohnraum gelingt. Mit der Kombination aus denkmalgerechter Sanierung nach hohen energetischen Standards und einem breiten Angebot von sozial gef\u00f6rdertem Wohnen bis hin zur station\u00e4ren Pflege setzen wir ein starkes Zeichen f\u00fcr ein inklusives und lebendiges Bettenhausen. Dieses Quartier wird nicht nur architektonisch, sondern vor allem sozial ein neuer Ankerpunkt f\u00fcr alle Generationen in unserer Stadt.\u201c<\/p>\n\t\t\t\t\t\t\t\t\n\t\t\t\t\t\t\t\t\t\t\t\t\t\t\t<\/div>\n\t\t\t\t\t\t<\/div>\n\n\t\t\t\t\t\t\n\t\t\t\t<\/div>\n\n\t\t\t\t\t\t\t\t\t<\/div>\n\t<\/section>\n\n\n\n\t<section class=\"snk-section snk-section_xs\" >\n\t\t<div class=\"container container-xs\">\n\n\t\t\t\n\n\t\t\t\n\t\t\t\t<div class=\"row snk-textColumns\">\n\t\t\t\t\t\n\t\t\t\t\t\t<div class=\"col col-12 snk-textColumn\">\n\t\t\t\t\t\t\t<div class=\"snk-textBlock\">\n\t\t\t\t\t\t\t\t\n\t\t\t\t\t\t\t\t\n\t\t\t\t\t\t\t\t\t\t\t\t\t\t\t\t\t<p>\u201eDie Zeremonie verdeutlicht die Bedeutung des Bauvorhabens f\u00fcr die lokale Stadtplanung: Hier entsteht ein Lebensraum, der historische und moderne Architektur mit sozialer Verantwortung verbindet\u201c, sagt Roman Fabel Hansen, Projektleiter der Cureus, und erg\u00e4nzt: \u201eSowohl die Sanierung der denkmalgesch\u00fctzten Fabrik als auch der erste entstehende Neubau laufen derzeit ganz nach Plan. Die Gewerke greifen auf dem weitl\u00e4ufigen Areal Hand in Hand, wir w\u00fcnschen uns, dass das so bleibt und blicken optimistisch der p\u00fcnktlichen Fertigstellung der ersten Bauabschnitte im vierten Quartal 2027 entgegen.\u201c<\/p>\n\t\t\t\t\t\t\t\t\n\t\t\t\t\t\t\t\t\t\t\t\t\t\t\t<\/div>\n\t\t\t\t\t\t<\/div>\n\n\t\t\t\t\t\t\n\t\t\t\t<\/div>\n\n\t\t\t\t\t\t\t\t\t<\/div>\n\t<\/section>\n\n\n\n\t<section class=\"snk-section snk-section_xs\" >\n\t\t<div class=\"container container-xs\">\n\n\t\t\t\n\n\t\t\t\n\t\t\t\t<div class=\"row snk-textColumns\">\n\t\t\t\t\t\n\t\t\t\t\t\t<div class=\"col col-12 snk-textColumn\">\n\t\t\t\t\t\t\t<div class=\"snk-textBlock\">\n\t\t\t\t\t\t\t\t\n\t\t\t\t\t\t\t\t\n\t\t\t\t\t\t\t\t\t\t\t\t\t\t\t\t\t<p>Uwe Frey, Niederlassungsleiter der MBN GmbH, die als Generalunternehmen den Neubau der Seniorenresidenz verantwortet, blickt optimistisch auf den laufenden Neubau: \u201eEinmal mehr werden wir bei solch einem Projekt nach dem Systemansatz der Cureus aktiv. Wir blicken auf eine langj\u00e4hrige erfolgreiche Zusammenarbeit zur\u00fcck und freuen uns \u00fcber diesen ganz besonderen Standort mit seinem historischen Charme umso mehr. Nun, nach dem erfolgreich gelegten Grundstein, werden wir in die Hochbauphase wechseln, so dass man die Residenz dann St\u00fcck f\u00fcr St\u00fcck wachsen sehen kann.\u201c<\/p>\n\t\t\t\t\t\t\t\t\n\t\t\t\t\t\t\t\t\t\t\t\t\t\t\t<\/div>\n\t\t\t\t\t\t<\/div>\n\n\t\t\t\t\t\t\n\t\t\t\t<\/div>\n\n\t\t\t\t\t\t\t\t\t<\/div>\n\t<\/section>\n\n\n\n\t<section class=\"snk-section snk-section_xs\" >\n\t\t<div class=\"container container-xs\">\n\n\t\t\t\n\n\t\t\t\n\t\t\t\t<div class=\"row snk-textColumns\">\n\t\t\t\t\t\n\t\t\t\t\t\t<div class=\"col col-12 snk-textColumn\">\n\t\t\t\t\t\t\t<div class=\"snk-textBlock\">\n\t\t\t\t\t\t\t\t\n\t\t\t\t\t\t\t\t\n\t\t\t\t\t\t\t\t\t\t\t\t\t\t\t\t\t<p>Johannes Knake, CPO (Gesch\u00e4ftsf\u00fchrer) bei compassio, \u00fcber den neuen Standort: \u201eWir freuen uns, Teil dieses besonderen Wohnquartiers zu sein, das nun in Bettenhausen als neuer sozialer Mittelpunkt entsteht. Mit unserem Angebot der vollstation\u00e4ren Pflege in der Seniorenresidenz und des Betreuten Wohnens im Westfl\u00fcgel des ehemaligen Fabrikgeb\u00e4udes, liefern wir der Stadt und der Umgebung dringend ben\u00f6tigte Kapazit\u00e4ten in der Pflege und Betreuung von Senioren. Hierbei werden wir selbstverst\u00e4ndlich nach unseren hohen qualitativen Standards arbeiten, die das Wohlergehen der Bewohnerinnen und Bewohner in den Mittelpunkt stellen. Aber auch auf das Wohl unseres k\u00fcnftigen Teams legen wir gro\u00dfen Wert. \u00dcber 100 neue, krisenfeste und moderne Arbeitspl\u00e4tze werden bei uns in den Bereichen Pflege, Verwaltung, Haustechnik sowie Services entstehen.\u201c<\/p>\n\t\t\t\t\t\t\t\t\n\t\t\t\t\t\t\t\t\t\t\t\t\t\t\t<\/div>\n\t\t\t\t\t\t<\/div>\n\n\t\t\t\t\t\t\n\t\t\t\t<\/div>\n\n\t\t\t\t\t\t\t\t\t<\/div>\n\t<\/section>\n\n\n\n\t<section class=\"snk-section snk-section_xs\" >\n\t\t<div class=\"container container-xs\">\n\n\t\t\t\n\n\t\t\t\n\t\t\t\t<div class=\"row snk-textColumns\">\n\t\t\t\t\t\n\t\t\t\t\t\t<div class=\"col col-12 snk-textColumn\">\n\t\t\t\t\t\t\t<div class=\"snk-textBlock\">\n\t\t\t\t\t\t\t\t\n\t\t\t\t\t\t\t\t\n\t\t\t\t\t\t\t\t\t\t\t\t\t\t\t\t\t<p>Pascal Kleine, Gesch\u00e4ftsf\u00fchrer der Pecuria, die den Vertrieb der Wohn- und Pflegeapartments an private Anleger verantwortet: \u201eSeit Ende 2025 l\u00e4uft bereits der Vertrieb der noch im Westfl\u00fcgel des ehemaligen Fabrikgeb\u00e4udes zu erstellenden Betreutes-Wohnen-Einheiten. Erwerber k\u00f6nnen hier davon profitieren, dass wir bereits im Voraus Darlehen zu guten Zinskonditionen in H\u00f6he von 1,66 Prozent aus dem F\u00f6rderprogramm 261 der KfW f\u00fcr sie gesichert haben, die im Rahmen des Kaufs an sie \u00fcbertragen werden k\u00f6nnen. Besonders attraktiv ist f\u00fcr die Anleger auch die Denkmal-AfA von zun\u00e4chst neun Prozent auf die Sanierungskosten. Die Kaufpreise starten ab rund 215.000 Euro. Wir warten zudem mit einem einzigartigen Angebot auf: Zum einen bieten wir mit nach hohen KfW-Anforderungen errichteten Neubauten oder dem in diesem Falle auch entsprechend sanierten Baudenkmal eine nachhaltige Investmentl\u00f6sung. \u00dcberdies bietet die am Markt einmalige Pecuria-Sicherheit gegen Mietausfall f\u00fcr Erwerber Ertragssicherheit in wirtschaftlich unruhigen Zeiten. Und mit unserem vorrangigen Belegungsrecht f\u00fcr einen Pflegeplatz bei einem unserer Partner in ganz Deutschland, umfasst das Angebot auch eine ausgezeichnete soziale Komponente f\u00fcr K\u00e4ufer. F\u00fcr die Appartements der station\u00e4ren Pflege in der Seniorenresidenz auf dem Areal haben wir ebenfalls gerade die Vertriebsvorbereitungen angesto\u00dfen. Hierzu folgen weitere Informationen zu gegebener Zeit.\u201c<\/p>\n\t\t\t\t\t\t\t\t\n\t\t\t\t\t\t\t\t\t\t\t\t\t\t\t<\/div>\n\t\t\t\t\t\t<\/div>\n\n\t\t\t\t\t\t\n\t\t\t\t<\/div>\n\n\t\t\t\t\t\t\t\t\t<\/div>\n\t<\/section>\n\n\n\n\t<section class=\"snk-section snk-section_xs\" >\n\t\t<div class=\"container container-xs\">\n\n\t\t\t\n\n\t\t\t\n\t\t\t\t<div class=\"row snk-textColumns\">\n\t\t\t\t\t\n\t\t\t\t\t\t<div class=\"col col-12 snk-textColumn\">\n\t\t\t\t\t\t\t<div class=\"snk-textBlock\">\n\t\t\t\t\t\t\t\t\n\t\t\t\t\t\t\t\t\t\t\t\t\t\t\t\t\t<h3>Moderne compassio Seniorenresidenz entsteht im S\u00fcden des Areals<\/h3>\n\t\t\t\t\t\t\t\t\n\t\t\t\t\t\t\t\t\t\t\t\t\t\t\t\t\t<p>Das u-f\u00f6rmige Geb\u00e4ude der Seniorenresidenz entsteht seit Jahresbeginn 2026 bis zum Sommer 2027 als Neubau in viergeschossiger Bauweise nach dem typischen Cureus-Ansatz der Systempflegeimmobilie. Als Generalunternehmen f\u00fcr diesen Bauabschnitt ist die Firma MBN GmbH im Einsatz.<\/p>\n\t\t\t\t\t\t\t\t\n\t\t\t\t\t\t\t\t\t\t\t\t\t\t\t<\/div>\n\t\t\t\t\t\t<\/div>\n\n\t\t\t\t\t\t\n\t\t\t\t<\/div>\n\n\t\t\t\t\t\t\t\t\t<\/div>\n\t<\/section>\n\n\n\n\t<section class=\"snk-section snk-section_xs\" >\n\t\t<div class=\"container container-xs\">\n\n\t\t\t\n\n\t\t\t\n\t\t\t\t<div class=\"row snk-textColumns\">\n\t\t\t\t\t\n\t\t\t\t\t\t<div class=\"col col-12 snk-textColumn\">\n\t\t\t\t\t\t\t<div class=\"snk-textBlock\">\n\t\t\t\t\t\t\t\t\n\t\t\t\t\t\t\t\t\n\t\t\t\t\t\t\t\t\t\t\t\t\t\t\t\t\t<p>Insgesamt werden rd. 9.170 Quadratmeter barrierefreie Bruttogrundfl\u00e4che nach dem energiesparenden Effizienzhaus-40-Standard der KfW erstellt. Die Beheizung erfolgt \u00fcber das st\u00e4dtische Fernw\u00e4rmenetz und auf dem begr\u00fcnten Dach ist eine Photovoltaikanlage geplant. Mit seiner geradlinig und modern gestalteten Fassade mit gro\u00dfz\u00fcgigen Glaselementen sowie einer abgestimmten Farbgebung in wei\u00dfen und hellgrauen Putz-Farbt\u00f6nen, wird sich das Haus hervorragend in die umliegende Bebauung einf\u00fcgen.<\/p>\n\t\t\t\t\t\t\t\t\n\t\t\t\t\t\t\t\t\t\t\t\t\t\t\t<\/div>\n\t\t\t\t\t\t<\/div>\n\n\t\t\t\t\t\t\n\t\t\t\t<\/div>\n\n\t\t\t\t\t\t\t\t\t<\/div>\n\t<\/section>\n\n\n\n\t<section class=\"snk-section snk-section_xs\" >\n\t\t<div class=\"container container-xs\">\n\n\t\t\t\n\n\t\t\t\n\t\t\t\t<div class=\"row snk-textColumns\">\n\t\t\t\t\t\n\t\t\t\t\t\t<div class=\"col col-12 snk-textColumn\">\n\t\t\t\t\t\t\t<div class=\"snk-textBlock\">\n\t\t\t\t\t\t\t\t\n\t\t\t\t\t\t\t\t\n\t\t\t\t\t\t\t\t\t\t\t\t\t\t\t\t\t<p>Den Betrieb und die Vergabe der Pflegepl\u00e4tze wird der erfahrene Betreiber compassio \u00fcbernehmen. Neben station\u00e4rer Dauerpflege werden auch Kurzzeit- und Verhinderungspflege zum Angebot an diesem Standort geh\u00f6ren. Mit der Residenz entstehen \u00fcber 100 Arbeitspl\u00e4tze in Voll- und Teilzeit in den Bereichen Pflege, Verwaltung, Haustechnik sowie Services.<\/p>\n\t\t\t\t\t\t\t\t\n\t\t\t\t\t\t\t\t\t\t\t\t\t\t\t<\/div>\n\t\t\t\t\t\t<\/div>\n\n\t\t\t\t\t\t\n\t\t\t\t<\/div>\n\n\t\t\t\t\t\t\t\t\t<\/div>\n\t<\/section>\n\n\n\n\t<section class=\"snk-section snk-section_xs\" >\n\t\t<div class=\"container container-xs\">\n\n\t\t\t\n\n\t\t\t\n\t\t\t\t<div class=\"row snk-textColumns\">\n\t\t\t\t\t\n\t\t\t\t\t\t<div class=\"col col-12 snk-textColumn\">\n\t\t\t\t\t\t\t<div class=\"snk-textBlock\">\n\t\t\t\t\t\t\t\t\n\t\t\t\t\t\t\t\t\n\t\t\t\t\t\t\t\t\t\t\t\t\t\t\t\t\t<p>Die Seniorenresidenz wird \u00fcber 163 moderne und gro\u00dfz\u00fcgig geschnittene Einzelzimmer verf\u00fcgen. 64 der Zimmer sind nicht nur barrierefrei, sondern auch rollstuhlgerecht ausgestattet. Alle Pflegezimmer verf\u00fcgen \u00fcber ein eigenes Duschbad mit WC sowie neben dem Schwesternrufsystem auch \u00fcber Telefon-, Internet- und Fernsehanschluss. F\u00fcr ein famili\u00e4res und soziales Miteinander werden die Zimmer in sieben eigenst\u00e4ndig organisierte Wohngruppen gegliedert.<\/p>\n\t\t\t\t\t\t\t\t\n\t\t\t\t\t\t\t\t\t\t\t\t\t\t\t<\/div>\n\t\t\t\t\t\t<\/div>\n\n\t\t\t\t\t\t\n\t\t\t\t<\/div>\n\n\t\t\t\t\t\t\t\t\t<\/div>\n\t<\/section>\n\n\n\n\t<section class=\"snk-section snk-section_xs\" >\n\t\t<div class=\"container container-xs\">\n\n\t\t\t\n\n\t\t\t\n\t\t\t\t<div class=\"row snk-textColumns\">\n\t\t\t\t\t\n\t\t\t\t\t\t<div class=\"col col-12 snk-textColumn\">\n\t\t\t\t\t\t\t<div class=\"snk-textBlock\">\n\t\t\t\t\t\t\t\t\n\t\t\t\t\t\t\t\t\n\t\t\t\t\t\t\t\t\t\t\t\t\t\t\t\t\t<p>Im Erdgeschoss des Hauses befinden sich hinter dem freundlichen und hotel\u00e4hnlich gestalteten Eingangsbereich mit Empfang und Foyer eine Bibliothek zum Verweilen und ein gro\u00dfz\u00fcgiges Bewohnerrestaurant mit eigener K\u00fcche und Sonnenterrasse. Ferner wird das Objekt \u00fcber eine hauseigene W\u00e4scherei f\u00fcr Bewohnerw\u00e4sche, ein Pflege- und Wellnessbad sowie Therapie- und Arztr\u00e4ume als auch einen Friseur und eine Fu\u00dfpflege verf\u00fcgen. Ebenfalls sind vier Fahrradstellpl\u00e4tze sowie 17 Pkw-Stellpl\u00e4tze \u2013 sechs davon behindertengerecht \u2013 mit Vorrichtungen f\u00fcr Ladeinfrastruktur vorgesehen.<\/p>\n<p>Die einzelnen Apartments f\u00fcr station\u00e4re Pflege aus der Seniorenresidenz werden 2026 in den Einzelvertrieb an Kapitalanleger entsprechend dem Prinzip einer Eigentumswohnung \u00fcber den Vertriebspartner Pecuria GmbH gehen.<\/p>\n\t\t\t\t\t\t\t\t\n\t\t\t\t\t\t\t\t\t\t\t\t\t\t\t<\/div>\n\t\t\t\t\t\t<\/div>\n\n\t\t\t\t\t\t\n\t\t\t\t<\/div>\n\n\t\t\t\t\t\t\t\t\t<\/div>\n\t<\/section>\n\n\n\n\t<section class=\"snk-section snk-section_xs\" >\n\t\t<div class=\"container container-xs\">\n\n\t\t\t\n\n\t\t\t\n\t\t\t\t<div class=\"row snk-textColumns\">\n\t\t\t\t\t\n\t\t\t\t\t\t<div class=\"col col-12 snk-textColumn\">\n\t\t\t\t\t\t\t<div class=\"snk-textBlock\">\n\t\t\t\t\t\t\t\t\n\t\t\t\t\t\t\t\t\t\t\t\t\t\t\t\t\t<h3>Sanierung im historischen Fabrikgeb\u00e4ude f\u00fcr 96 Einheiten des sozialen Wohnens l\u00e4uft<\/h3>\n\t\t\t\t\t\t\t\t\n\t\t\t\t\t\t\t\t\t\t\t\t\t\t\t\t\t<p>Im Nordfl\u00fcgel des f\u00fcnfst\u00f6ckigen ehemaligen Fabrikgeb\u00e4udes entlang der Sandersh\u00e4user Stra\u00dfe entstehen rd. 5.930 Quadratmeter sozial gef\u00f6rderter Wohnraum f\u00fcr Haushalte mit geringen und mittleren Einkommen nach modernen Ma\u00dfst\u00e4ben. Cureus fungiert bei diesem Bauabschnitt, der unter Denkmalschutzauflagen erfolgt, selbst als Generalunternehmen. Mit der Fertigstellung wird zum Herbst 2027 gerechnet.<\/p>\n\t\t\t\t\t\t\t\t\n\t\t\t\t\t\t\t\t\t\t\t\t\t\t\t<\/div>\n\t\t\t\t\t\t<\/div>\n\n\t\t\t\t\t\t\n\t\t\t\t<\/div>\n\n\t\t\t\t\t\t\t\t\t<\/div>\n\t<\/section>\n\n\n\n\t<section class=\"snk-section snk-section_xs\" >\n\t\t<div class=\"container container-xs\">\n\n\t\t\t\n\n\t\t\t\n\t\t\t\t<div class=\"row snk-textColumns\">\n\t\t\t\t\t\n\t\t\t\t\t\t<div class=\"col col-12 snk-textColumn\">\n\t\t\t\t\t\t\t<div class=\"snk-textBlock\">\n\t\t\t\t\t\t\t\t\n\t\t\t\t\t\t\t\t\n\t\t\t\t\t\t\t\t\t\t\t\t\t\t\t\t\t<p>Hier sind k\u00fcnftig 96 helle Wohnungen in Gr\u00f6\u00dfen zwischen 39 und 83 Quadratmetern vorgesehen. Die neu entstehenden Wohneinheiten werden ein bis drei Zimmer umfassen und \u00fcber einen Wohn-Kochbereich, ein modernes Duschbad, einen Flur sowie \u00fcber Abstellr\u00e4umlichkeiten und eine Loggia verf\u00fcgen. Aufz\u00fcge verbinden die Etagen neben den historischen Treppenh\u00e4usern miteinander.<\/p>\n\t\t\t\t\t\t\t\t\n\t\t\t\t\t\t\t\t\t\t\t\t\t\t\t<\/div>\n\t\t\t\t\t\t<\/div>\n\n\t\t\t\t\t\t\n\t\t\t\t<\/div>\n\n\t\t\t\t\t\t\t\t\t<\/div>\n\t<\/section>\n\n\n\n\t<section class=\"snk-section snk-section_xs\" >\n\t\t<div class=\"container container-xs\">\n\n\t\t\t\n\n\t\t\t\n\t\t\t\t<div class=\"row snk-textColumns\">\n\t\t\t\t\t\n\t\t\t\t\t\t<div class=\"col col-12 snk-textColumn\">\n\t\t\t\t\t\t\t<div class=\"snk-textBlock\">\n\t\t\t\t\t\t\t\t\n\t\t\t\t\t\t\t\t\n\t\t\t\t\t\t\t\t\t\t\t\t\t\t\t\t\t<p>Im Unterparterre des Fabrikgeb\u00e4udes sind f\u00fcr diesen Bauabschnitt 33 Stellpl\u00e4tze f\u00fcr Kraftfahrzeuge, teils behindertengerecht und mit Vorrichtungen f\u00fcr E-Mobilit\u00e4t, und 161 f\u00fcr Fahrr\u00e4der geplant. Die Zufahrt erfolgt k\u00fcnftig \u00fcber die Agathofstra\u00dfe.<\/p>\n\t\t\t\t\t\t\t\t\n\t\t\t\t\t\t\t\t\t\t\t\t\t\t\t<\/div>\n\t\t\t\t\t\t<\/div>\n\n\t\t\t\t\t\t\n\t\t\t\t<\/div>\n\n\t\t\t\t\t\t\t\t\t<\/div>\n\t<\/section>\n\n\n\n\t<section class=\"snk-section snk-section_xs\" >\n\t\t<div class=\"container container-xs\">\n\n\t\t\t\n\n\t\t\t\n\t\t\t\t<div class=\"row snk-textColumns\">\n\t\t\t\t\t\n\t\t\t\t\t\t<div class=\"col col-12 snk-textColumn\">\n\t\t\t\t\t\t\t<div class=\"snk-textBlock\">\n\t\t\t\t\t\t\t\t\n\t\t\t\t\t\t\t\t\n\t\t\t\t\t\t\t\t\t\t\t\t\t\t\t\t\t<p>Die sp\u00e4tere Vermietung der Wohnungen erfolgt \u00fcber die Verwaltungsgesellschaft der Lindhorst Gruppe in Zusammenarbeit mit der st\u00e4dtischen Wohnraumversorgungsstelle von Kassel. Kontakt kann \u00fcber Rufnummer 05143 9810 0 oder vermietung-aur@lindhorst-gruppe.de bei Fragen aufgenommen werden.<\/p>\n\t\t\t\t\t\t\t\t\n\t\t\t\t\t\t\t\t\t\t\t\t\t\t\t<\/div>\n\t\t\t\t\t\t<\/div>\n\n\t\t\t\t\t\t\n\t\t\t\t<\/div>\n\n\t\t\t\t\t\t\t\t\t<\/div>\n\t<\/section>\n\n\n\n\t<section class=\"snk-section snk-section_xs\" >\n\t\t<div class=\"container container-xs\">\n\n\t\t\t\n\n\t\t\t\n\t\t\t\t<div class=\"row snk-textColumns\">\n\t\t\t\t\t\n\t\t\t\t\t\t<div class=\"col col-12 snk-textColumn\">\n\t\t\t\t\t\t\t<div class=\"snk-textBlock\">\n\t\t\t\t\t\t\t\t\n\t\t\t\t\t\t\t\t\t\t\t\t\t\t\t\t\t<h3>Weiterhin Betreutes Wohnen sowie Kulturfl\u00e4chen im Fabrikgeb\u00e4ude geplant<\/h3>\n\t\t\t\t\t\t\t\t\n\t\t\t\t\t\t\t\t\t\t\t\t\t\t\t\t\t<p>Der sich nach S\u00fcden erstreckende Geb\u00e4udefl\u00fcgel an der Westseite der Fabrik wird zu 96 Einheiten f\u00fcr seniorengerechtes Betreutes Wohnen ausgebaut und umfasst dann insgesamt rd. 8.630 Quadratmeter Wohn- und Nutzfl\u00e4che. compassio wird die Vermietung der Wohnungen und die Betreuung der Bewohner nach Baufertigstellung \u00fcbernehmen. Die einzelnen Appartements sind mit ein oder zwei Zimmern zum Wohnen und Schlafen sowie mit Kochgelegenheit, barrierefreiem Duschbad, Flur, Balkon oder Terrasse und Abstellraum in Gr\u00f6\u00dfen zwischen 33 und 67 Quadratmetern geplant. Der Geb\u00e4ude- und Etagenzugang ist barrierefrei und mit Aufz\u00fcgen geplant. Hier ist bereits der Vertrieb der Einheiten \u00fcber Pecuria im Gange. Erwerber profitieren von guten Zinskonditionen in H\u00f6he von 1,66 Prozent aus dem F\u00f6rderprogramm 261 der KfW, die im Rahmen des Kaufs an sie \u00fcbertragen werden k\u00f6nnen. Zus\u00e4tzlich gilt f\u00fcr die Anleger auch die Denkmal-AfA von zun\u00e4chst neun Prozent auf die Sanierungskosten. Die Kaufpreise starten ab rund 215.000 Euro. Zum Expos\u00e9\u2026<\/p>\n\t\t\t\t\t\t\t\t\n\t\t\t\t\t\t\t\t\t\t\t\t\t\t\t<\/div>\n\t\t\t\t\t\t<\/div>\n\n\t\t\t\t\t\t\n\t\t\t\t<\/div>\n\n\t\t\t\t\t\t\t\t\t<\/div>\n\t<\/section>\n\n\n\n\t<section class=\"snk-section snk-section_xs\" >\n\t\t<div class=\"container container-xs\">\n\n\t\t\t\n\n\t\t\t\n\t\t\t\t<div class=\"row snk-textColumns\">\n\t\t\t\t\t\n\t\t\t\t\t\t<div class=\"col col-12 snk-textColumn\">\n\t\t\t\t\t\t\t<div class=\"snk-textBlock\">\n\t\t\t\t\t\t\t\t\n\t\t\t\t\t\t\t\t\n\t\t\t\t\t\t\t\t\t\t\t\t\t\t\t\t\t<p>Der markante Turmbau am \u00f6stlichen Ende des Nordfl\u00fcgels wird f\u00fcr die Nutzung als Kultur- und Gewerbefl\u00e4che hergerichtet. Hierf\u00fcr stehen k\u00fcnftig rd. 1.500 Quadratmeter Nutzfl\u00e4che zur Verf\u00fcgung. Hier besteht enger Austausch mit der Stadt Kassel zur Anmietung und Nutzung.<\/p>\n\t\t\t\t\t\t\t\t\n\t\t\t\t\t\t\t\t\t\t\t\t\t\t\t<\/div>\n\t\t\t\t\t\t<\/div>\n\n\t\t\t\t\t\t\n\t\t\t\t<\/div>\n\n\t\t\t\t\t\t\t\t\t<\/div>\n\t<\/section>\n\n\n\n\t<section class=\"snk-section snk-section_xs\" >\n\t\t<div class=\"container container-xs\">\n\n\t\t\t\n\n\t\t\t\n\t\t\t\t<div class=\"row snk-textColumns\">\n\t\t\t\t\t\n\t\t\t\t\t\t<div class=\"col col-12 snk-textColumn\">\n\t\t\t\t\t\t\t<div class=\"snk-textBlock\">\n\t\t\t\t\t\t\t\t\n\t\t\t\t\t\t\t\t\n\t\t\t\t\t\t\t\t\t\t\t\t\t\t\t\t\t<p>Im Unterparterre des gesamten Fabrikgeb\u00e4udes sind 82 Stellpl\u00e4tze f\u00fcr Kraftfahrzeuge, teils behindertengerecht und mit Vorrichtungen f\u00fcr E-Mobilit\u00e4t, und 365 f\u00fcr Fahrr\u00e4der vorgesehen. Die Zufahrt erfolgt k\u00fcnftig \u00fcber eine neu geplante Erschlie\u00dfungsstra\u00dfe, die in die Agathofstra\u00dfe m\u00fcnden wird.<\/p>\n\t\t\t\t\t\t\t\t\n\t\t\t\t\t\t\t\t\t\t\t\t\t\t\t<\/div>\n\t\t\t\t\t\t<\/div>\n\n\t\t\t\t\t\t\n\t\t\t\t<\/div>\n\n\t\t\t\t\t\t\t\t\t<\/div>\n\t<\/section>\n\n\n\n\t<section class=\"snk-section snk-section_xs\" >\n\t\t<div class=\"container container-xs\">\n\n\t\t\t\n\n\t\t\t\n\t\t\t\t<div class=\"row snk-textColumns\">\n\t\t\t\t\t\n\t\t\t\t\t\t<div class=\"col col-12 snk-textColumn\">\n\t\t\t\t\t\t\t<div class=\"snk-textBlock\">\n\t\t\t\t\t\t\t\t\n\t\t\t\t\t\t\t\t\n\t\t\t\t\t\t\t\t\t\t\t\t\t\t\t\t\t<p>Mit der Sanierung des Westfl\u00fcgels und des Turmgeb\u00e4udes wird begonnen, sobald alle Voraussetzungen daf\u00fcr erf\u00fcllt sind.<\/p>\n<p>Die Sanierung des gesamten Bestandsgeb\u00e4udes erfolgt nach den besonderen energetischen Standards des KfW-Programms 55EE. So werden neue Fenster mit hohem D\u00e4mmgrad eingebaut und Fassaden teilweise innenliegend ged\u00e4mmt. Die Beheizung soll \u00fcber das st\u00e4dtische Fernw\u00e4rmenetz erfolgen. Damit wird das ehemalige Fabrikgeb\u00e4ude zukunftsf\u00e4hig klimafreundlich hergerichtet.<\/p>\n<p>Die denkmalgerechte Aufarbeitung und Erhaltung des Fabrikgeb\u00e4udes umfasst neben den typischen Klinkerfassaden, den gro\u00dfz\u00fcgigen Fensterfl\u00e4chen an den Fassaden und den architekturhistorisch wertvollen Oberlichts\u00e4len, die entgegen fr\u00fcherer Planungen nun als Kaltr\u00e4ume in G\u00e4nze erhalten bleiben, auch die speziellen D\u00e4chern selbst sowie den traditionsreichen und f\u00fcr das Areal markanten Werbeschriftzug \u201eSalzmann &#038; Comp.\u201c an der westlichen Giebelseite.<\/p>\n\t\t\t\t\t\t\t\t\n\t\t\t\t\t\t\t\t\t\t\t\t\t\t\t<\/div>\n\t\t\t\t\t\t<\/div>\n\n\t\t\t\t\t\t\n\t\t\t\t<\/div>\n\n\t\t\t\t\t\t\t\t\t<\/div>\n\t<\/section>\n\n\n\n\t<section class=\"snk-section snk-section_noPadding\">\n\t\t<div class=\"container container-xs\">\n\t\t\t<div class=\"snk-media snk-media_image\">\n\n\t\t\t\t\t\t\t\t\t<img decoding=\"async\" data-src=\"https:\/\/assetphysics.com\/wp-content\/uploads\/2026\/04\/2026_04_23_Foto_Cureus_KS_Salzmann_Grundstein_by_C._Wilhelm.jpg\" alt=\"Grundsteinlegung am Salzmann-Areal mit Dr. Sven Schoeller (Bildquelle: Christoph Wilhelm)\" title=\"2026_04_23_Foto_Cureus_KS_Salzmann_Grundstein_by_C._Wilhelm\" src=\"data:image\/svg+xml;base64,PHN2ZyB3aWR0aD0iMSIgaGVpZ2h0PSIxIiB4bWxucz0iaHR0cDovL3d3dy53My5vcmcvMjAwMC9zdmciPjwvc3ZnPg==\" class=\"lazyload\" style=\"--smush-placeholder-width: 2048px; --smush-placeholder-aspect-ratio: 2048\/1536;\" \/>\n\t\t\t\t\t\t<div class=\"snk-media-caption\">Grundsteinlegung Wohncarr\u00e9e Industriedenkmal Salzmann, v.l.n.r.: S. Fedderke (Stadtklimar\u00e4tin Kassel), C. M\u00f6hrke (CEO Cureus), J. Knake (CPO compassio), Dr. S. Schoeller (Oberb\u00fcrgermeister Kassel), R. Fabel Hansen (Projektleiter Cureus), S. Moskalzow (Bauleiter MBN), Hessen, ein Projekt der Cureus Urheber: Christoph Wilhelm<\/div>\t\t\t<\/div>\n\n\t\t\t\t\t<\/div>\n\n\t\t\t<\/section>\n\t\n\n\n\t<section class=\"snk-section snk-section_noPadding\">\n\t\t<div class=\"container container-xs\">\n\t\t\t<div class=\"snk-media snk-media_image\">\n\n\t\t\t\t\t\t\t\t\t<img decoding=\"async\" data-src=\"https:\/\/assetphysics.com\/wp-content\/uploads\/2026\/04\/Salzmann_Areal_Exteriors_Aerial_2.3-1-scaled.jpg\" alt=\"Lageplan Wohncarr\u00e9e Industriedenkmal Salzmann in Kassel, Hessen, ein Projekt der Cureus Urheber: Pecuria GmbH\" title=\"Salzmann_Areal_Exteriors_Aerial_2.3 (1)\" src=\"data:image\/svg+xml;base64,PHN2ZyB3aWR0aD0iMSIgaGVpZ2h0PSIxIiB4bWxucz0iaHR0cDovL3d3dy53My5vcmcvMjAwMC9zdmciPjwvc3ZnPg==\" class=\"lazyload\" style=\"--smush-placeholder-width: 2560px; --smush-placeholder-aspect-ratio: 2560\/1440;\" \/>\n\t\t\t\t\t\t<div class=\"snk-media-caption\">Lageplan Wohncarr\u00e9e Industriedenkmal Salzmann in Kassel, Hessen, ein Projekt der Cureus  Urheber: Pecuria GmbH<\/div>\t\t\t<\/div>\n\n\t\t\t\t\t<\/div>\n\n\t\t\t<\/section>\n\t\n\n\n\t<section class=\"snk-section snk-section_noPadding\">\n\t\t<div class=\"container container-xs\">\n\t\t\t<div class=\"snk-media snk-media_image\">\n\n\t\t\t\t\t\t\t\t\t<img decoding=\"async\" data-src=\"https:\/\/assetphysics.com\/wp-content\/uploads\/2026\/04\/Salzmann_Areal_Exteriors_Cam_1_Evening-scaled.jpg\" alt=\"\" title=\"Salzmann_Areal_Exteriors_Cam_1_Evening\" src=\"data:image\/svg+xml;base64,PHN2ZyB3aWR0aD0iMSIgaGVpZ2h0PSIxIiB4bWxucz0iaHR0cDovL3d3dy53My5vcmcvMjAwMC9zdmciPjwvc3ZnPg==\" class=\"lazyload\" style=\"--smush-placeholder-width: 2560px; --smush-placeholder-aspect-ratio: 2560\/2133;\" \/>\n\t\t\t\t\t\t<div class=\"snk-media-caption\">Visualisierung denkmalgerecht sanierter S\u00fcdfl\u00fcgel der ehem. Salzmann-Fabrik f\u00fcr Betreutes Wohnen im Wohncarr\u00e9e Industriedenkmal Salzmann, Perspektive von S\u00fcden, Hessen, ein Projekt der Cureus  Urheber: Imagineering 3d\/Christina T\u00f6lle<\/div>\t\t\t<\/div>\n\n\t\t\t\t\t<\/div>\n\n\t\t\t<\/section>\n\t\n\n\n\t<section class=\"snk-section snk-section_noPadding\">\n\t\t<div class=\"container container-xs\">\n\t\t\t<div class=\"snk-media snk-media_image\">\n\n\t\t\t\t\t\t\t\t\t<img decoding=\"async\" data-src=\"https:\/\/assetphysics.com\/wp-content\/uploads\/2026\/04\/Visu_Fabrik_Nordfl._v._Sandersh._Str._WC_Industriedenkmal_Salzmann_by_M.Barvels_SKAI-scaled.jpg\" alt=\"Visualisierung Denkmalgesch\u00fctztes Fabrikgeb\u00e4ude Wohncarr\u00e9e Industriedenkmal Salzmann, Nordfl\u00fcgel (sozial gef\u00f6rdertes Wohnen), Perspektive Sandersh\u00e4user Str., Hessen, ein Projekt der Cureus Urheber: Maik Barvels, SKAI Siemer Kramer Architekten Ingenieure\" title=\"Visu_Fabrik_Nordfl._v._Sandersh._Str._WC_Industriedenkmal_Salzmann_by_M.Barvels_SKAI\" src=\"data:image\/svg+xml;base64,PHN2ZyB3aWR0aD0iMSIgaGVpZ2h0PSIxIiB4bWxucz0iaHR0cDovL3d3dy53My5vcmcvMjAwMC9zdmciPjwvc3ZnPg==\" class=\"lazyload\" style=\"--smush-placeholder-width: 2560px; --smush-placeholder-aspect-ratio: 2560\/1440;\" \/>\n\t\t\t\t\t\t<div class=\"snk-media-caption\">Visualisierung Denkmalgesch\u00fctztes Fabrikgeb\u00e4ude Wohncarr\u00e9e Industriedenkmal Salzmann, Nordfl\u00fcgel (sozial gef\u00f6rdertes Wohnen), Perspektive Sandersh\u00e4user Str., Hessen, ein Projekt der Cureus  Urheber: Maik Barvels, SKAI Siemer Kramer Architekten Ingenieure<\/div>\t\t\t<\/div>\n\n\t\t\t\t\t<\/div>\n\n\t\t\t<\/section>\n\t\n\n\n\t<section class=\"snk-section snk-section_noPadding\">\n\t\t<div class=\"container container-xs\">\n\t\t\t<div class=\"snk-media snk-media_image\">\n\n\t\t\t\t\t\t\t\t\t<img decoding=\"async\" data-src=\"https:\/\/assetphysics.com\/wp-content\/uploads\/2026\/04\/Visu_Fabrik_Nordfl._v._Innenhof_WC_Industriedenkmal_Salzmann_by_M.Barvels_SKAI-scaled.jpg\" alt=\"Visualisierung Denkmalgesch\u00fctztes Fabrikgeb\u00e4ude Wohncarr\u00e9e Industriedenkmal Salzmann, Nordfl\u00fcgel (sozial gef\u00f6rdertes Wohnen), Perspektive von S\u00fcden\/Innenhof, Hessen, ein Projekt der Cureus Urheber: Maik Barvels, SKAI Siemer Kramer Architekten Ingenieure\" title=\"Visu_Fabrik_Nordfl._v._Innenhof_WC_Industriedenkmal_Salzmann_by_M.Barvels_SKAI\" src=\"data:image\/svg+xml;base64,PHN2ZyB3aWR0aD0iMSIgaGVpZ2h0PSIxIiB4bWxucz0iaHR0cDovL3d3dy53My5vcmcvMjAwMC9zdmciPjwvc3ZnPg==\" class=\"lazyload\" style=\"--smush-placeholder-width: 2560px; --smush-placeholder-aspect-ratio: 2560\/1440;\" \/>\n\t\t\t\t\t\t<div class=\"snk-media-caption\">Visualisierung Denkmalgesch\u00fctztes Fabrikgeb\u00e4ude Wohncarr\u00e9e Industriedenkmal Salzmann, Nordfl\u00fcgel (sozial gef\u00f6rdertes Wohnen), Perspektive von S\u00fcden\/Innenhof, Hessen, ein Projekt der Cureus \u2026Download hier\u2026 Urheber: Maik Barvels, SKAI Siemer Kramer Architekten Ingenieure<\/div>\t\t\t<\/div>\n\n\t\t\t\t\t<\/div>\n\n\t\t\t<\/section>\n\t\n\n\n\t<section class=\"snk-section snk-section_noPadding\">\n\t\t<div class=\"container container-xs\">\n\t\t\t<div class=\"snk-media snk-media_image\">\n\n\t\t\t\t\t\t\t\t\t<img decoding=\"async\" data-src=\"https:\/\/assetphysics.com\/wp-content\/uploads\/2026\/04\/Kassel_Salzmann_Areal_Exteriors_APH_Cam_1_NEW.jpg\" alt=\"Visualisierung compassio Seniorenresidenz Kassel-Bettenhausen, Hessen, ein Projekt der Cureus \u2026Download hier\u2026 Urheber: Imagineering 3d\/Christina T\u00f6lle\" title=\"Kassel_Salzmann_Areal_Exteriors_APH_Cam_1_NEW\" src=\"data:image\/svg+xml;base64,PHN2ZyB3aWR0aD0iMSIgaGVpZ2h0PSIxIiB4bWxucz0iaHR0cDovL3d3dy53My5vcmcvMjAwMC9zdmciPjwvc3ZnPg==\" class=\"lazyload\" style=\"--smush-placeholder-width: 2048px; --smush-placeholder-aspect-ratio: 2048\/1152;\" \/>\n\t\t\t\t\t\t<div class=\"snk-media-caption\">Visualisierung compassio Seniorenresidenz Kassel-Bettenhausen, Hessen, ein Projekt der Cureus  Urheber: Imagineering 3d\/Christina T\u00f6lle<\/div>\t\t\t<\/div>\n\n\t\t\t\t\t<\/div>\n\n\t\t\t<\/section>\n\t","protected":false},"excerpt":{"rendered":"<p>Am 23. April 2026 wurde der Grundstein f\u00fcr das neue Wohnquartier Salzmann-Areal in Kassel gelegt. Mit der Bauherrin Cureus, dem Betreiber compassio und dem Generalunternehmer MBN entsteht ein modernes Geb\u00e4udeensemble mit sozialen Wohnungen und einer Seniorenresidenz. Die Fertigstellung der ersten Bauabschnitte ist f\u00fcr Ende 2027 geplant.<\/p>\n","protected":false},"author":251,"featured_media":28804,"comment_status":"closed","ping_status":"closed","sticky":false,"template":"","format":"standard","meta":{"_acf_changed":false,"inline_featured_image":false,"_co_authors":[],"footnotes":""},"categories":[677,10],"tags":[],"type_content":[170],"class_list":["post-28783","post","type-post","status-publish","format-standard","has-post-thumbnail","hentry","category-developments","category-real-estate","type_content-news"],"acf":{"homepage_featured_article":false},"_links":{"self":[{"href":"https:\/\/assetphysics.com\/de\/wp-json\/wp\/v2\/posts\/28783","targetHints":{"allow":["GET"]}}],"collection":[{"href":"https:\/\/assetphysics.com\/de\/wp-json\/wp\/v2\/posts"}],"about":[{"href":"https:\/\/assetphysics.com\/de\/wp-json\/wp\/v2\/types\/post"}],"author":[{"embeddable":true,"href":"https:\/\/assetphysics.com\/de\/wp-json\/wp\/v2\/users\/251"}],"replies":[{"embeddable":true,"href":"https:\/\/assetphysics.com\/de\/wp-json\/wp\/v2\/comments?post=28783"}],"version-history":[{"count":2,"href":"https:\/\/assetphysics.com\/de\/wp-json\/wp\/v2\/posts\/28783\/revisions"}],"predecessor-version":[{"id":28820,"href":"https:\/\/assetphysics.com\/de\/wp-json\/wp\/v2\/posts\/28783\/revisions\/28820"}],"wp:featuredmedia":[{"embeddable":true,"href":"https:\/\/assetphysics.com\/de\/wp-json\/wp\/v2\/media\/28804"}],"wp:attachment":[{"href":"https:\/\/assetphysics.com\/de\/wp-json\/wp\/v2\/media?parent=28783"}],"wp:term":[{"taxonomy":"category","embeddable":true,"href":"https:\/\/assetphysics.com\/de\/wp-json\/wp\/v2\/categories?post=28783"},{"taxonomy":"post_tag","embeddable":true,"href":"https:\/\/assetphysics.com\/de\/wp-json\/wp\/v2\/tags?post=28783"},{"taxonomy":"type_content","embeddable":true,"href":"https:\/\/assetphysics.com\/de\/wp-json\/wp\/v2\/type_content?post=28783"}],"curies":[{"name":"wp","href":"https:\/\/api.w.org\/{rel}","templated":true}]}}