{"id":29168,"date":"2026-04-27T11:37:51","date_gmt":"2026-04-27T11:37:51","guid":{"rendered":"https:\/\/assetphysics.com\/?p=29168"},"modified":"2026-04-27T11:37:51","modified_gmt":"2026-04-27T11:37:51","slug":"osmab-und-alcaro-feiern-fortschritt-am-log-plaza-colonia-3-und-enthuellen-kunstwerk-mit-historischer-tiefe","status":"publish","type":"post","link":"https:\/\/assetphysics.com\/de\/osmab-und-alcaro-feiern-fortschritt-am-log-plaza-colonia-3-und-enthuellen-kunstwerk-mit-historischer-tiefe\/","title":{"rendered":"OSMAB und ALCARO feiern Fortschritt am Log Plaza Colonia 3 und enth\u00fcllen Kunstwerk mit historischer Tiefe"},"content":{"rendered":"\n\t<section class=\"snk-section snk-section_xs\" >\n\t\t<div class=\"container container-xs\">\n\n\t\t\t\n\n\t\t\t\n\t\t\t\t<div class=\"row snk-textColumns\">\n\t\t\t\t\t\n\t\t\t\t\t\t<div class=\"col col-12 snk-textColumn\">\n\t\t\t\t\t\t\t<div class=\"snk-textBlock\">\n\t\t\t\t\t\t\t\t\n\t\t\t\t\t\t\t\t\t\t\t\t\t\t\t\t\t<h3>OSMAB und ALCARO feiern Fortschritt am Log Plaza Colonia 3 und enth\u00fcllen Kunstwerk mit historischer Tiefe<\/h3>\n\t\t\t\t\t\t\t\t\n\t\t\t\t\t\t\t\t\t\t\t\t\t\t\t\t\t<p>Mit einem gro\u00df angelegten Baustellenfest haben die OSMAB Holding AG und die ALCARO Invest GmbH den aktuellen Baufortschritt ihres Logistikprojekts Log Plaza Colonia 3 in K\u00f6ln-Porz gefeiert. Mehr als 300 geladene G\u00e4ste, darunter Handwerker, Projektbeteiligte, Partner, Mieter sowie Vertreter aus Politik und Stadtgesellschaft, kamen unter dem Motto \u201eOSMAB BaustellenBeat \u2013 30.000 Quadratmeter im Takt der Zukunft\u201c auf dem Areal in der Rudolf-Diesel-Stra\u00dfe zusammen.<\/p>\n<p>Im Mittelpunkt des Abends stand bewusst kein klassischer Meilenstein wie Richtfest oder Fertigstellung. Vielmehr nutzten die Projektpartner den Anlass, um die bisherige Entwicklung zu w\u00fcrdigen, Einblicke in die Zukunft des Standorts zu geben und die Menschen hinter dem Projekt zusammenzubringen.<\/p>\n<p>\u201eGro\u00dfe Projekte entstehen nicht nur aus Pl\u00e4nen und Zahlen, sondern vor allem durch das Zusammenspiel vieler Beteiligter. Dieses Fest ist ein Dank an alle, die diesen Ort Schritt f\u00fcr Schritt Realit\u00e4t werden lassen\u201c, sagte Anton Mertens, Vorstand der OSMAB Holding AG, in seiner Er\u00f6ffnungsrede.<\/p>\n<p>Neben Einblicken in die entstehende Immobilie bot das Programm ein vielf\u00e4ltiges Rahmenkonzept mit Catering, musikalischen Beitr\u00e4gen und Live-Acts, darunter der Radsportverein Blitz aus R\u00f6srath-Hoffnungsthal sowie die K\u00f6lner Band Paveier. Redebeitr\u00e4ge von Projektpartnern wie ALCARO, dem Generalunternehmer BREMER sowie dem zuk\u00fcnftigen Mieter DACHSER unterstrichen die enge Zusammenarbeit aller Beteiligten.<\/p>\n\t\t\t\t\t\t\t\t\n\t\t\t\t\t\t\t\t\t\t\t\t\t\t\t<\/div>\n\t\t\t\t\t\t<\/div>\n\n\t\t\t\t\t\t\n\t\t\t\t<\/div>\n\n\t\t\t\t\t\t\t\t\t<\/div>\n\t<\/section>\n\n\n\n\t<section class=\"snk-section snk-section_xs\" >\n\t\t<div class=\"container container-xs\">\n\n\t\t\t\n\n\t\t\t\n\t\t\t\t<div class=\"row snk-textColumns\">\n\t\t\t\t\t\n\t\t\t\t\t\t<div class=\"col col-12 snk-textColumn\">\n\t\t\t\t\t\t\t<div class=\"snk-textBlock\">\n\t\t\t\t\t\t\t\t\n\t\t\t\t\t\t\t\t\t\t\t\t\t\t\t\t\t<h3>Kunstwerk setzt Zeichen f\u00fcr Erinnerung und Verantwortung<\/h3>\n\t\t\t\t\t\t\t\t\n\t\t\t\t\t\t\t\t\t\t\t\t\t\t\t\t\t<p>Ein besonderer H\u00f6hepunkt des Abends war die Enth\u00fcllung des gro\u00dfformatigen Murals \u201eErinnerung verpflichtet\u201c des international renommierten K\u00fcnstlers Falk Lehmann, bekannt als AKUT. Das ortsspezifische Werk ist Teil des Log-Plaza-Konzepts, das gezielt Kunst in die Architektur integriert, und verleiht dem Standort eine zus\u00e4tzliche gesellschaftliche Dimension.<\/p>\n<p>Das Mural \u00fcbersetzt historische Erinnerung in eine zeitgen\u00f6ssische Bildsprache und versteht sich als aktiver Beitrag zur Erinnerungskultur. Im Zentrum steht ein hybrides Gesicht, das sich aus fragmentierten Portr\u00e4ts zusammensetzt und unterschiedliche Perspektiven vereint. Bezugspunkte wie Anne Frank als Symbol der Verfolgung und Margot Friedl\u00e4nder als Stimme der heutigen Erinnerung markieren dabei historische und gegenw\u00e4rtige Ebenen. Dazwischen positioniert sich die Gegenwartsgesellschaft: Als Ergebnis historischer Prozesse und zugleich als Tr\u00e4ger von Verantwortung.<\/p>\n<p>Besondere Bedeutung erh\u00e4lt das Werk durch seinen konkreten Standort: Auf dem Areal befand sich 1933 ein fr\u00fches NS-Schutzhaftlager \u201eAm Hochkreuz\u201c, in dem Menschen aus der Region festgehalten und misshandelt wurden. Das Mural greift diesen Kontext bewusst auf und macht ihn zu einem integralen Bestandteil seiner Aussage. Es erinnert daran, dass Geschichte nicht abstrakt ist, sondern immer auch einen lokalen Ursprung und eine unmittelbare Relevanz f\u00fcr die Gegenwart hat.<\/p>\n<p>Auch formal wird diese Haltung sichtbar: Der \u00dcbergang von Schwarzwei\u00df zu Farbe steht sinnbildlich f\u00fcr den Weg von der dokumentierten Vergangenheit hin zu einer aktiv gelebten Gegenwart. Fragmentierte und teils auslaufende Konturen erzeugen eine visuelle Dynamik, die verdeutlicht, dass Erinnerung kein statischer Zustand ist, sondern ein fortlaufender Prozess mit Konsequenzen.<\/p>\n<p>\u201eWir verstehen unsere Immobilien nicht nur als wirtschaftliche R\u00e4ume, sondern auch als Orte mit gesellschaftlicher Wirkung. Dieses Kunstwerk macht Geschichte sichtbar und erinnert uns daran, dass Verantwortung im Hier und Jetzt beginnt\u201c, so Mertens.<\/p>\n<p>Auch f\u00fcr ALCARO ist die Verbindung von Baukultur und Identit\u00e4t ein zentraler Anspruch: \u201eMit dem Log Plaza Colonia 3 schaffen wir nicht nur moderne Logistikfl\u00e4chen, sondern ein Umfeld mit Charakter. Kunst am Bau ist f\u00fcr uns ein wichtiger Baustein, um Standorte nachhaltig aufzuwerten und erlebbar zu machen\u201c, erg\u00e4nzt Markus Kroner, Gesch\u00e4ftsf\u00fchrer der ALCARO Invest GmbH.<\/p>\n\t\t\t\t\t\t\t\t\n\t\t\t\t\t\t\t\t\t\t\t\t\t\t\t<\/div>\n\t\t\t\t\t\t<\/div>\n\n\t\t\t\t\t\t\n\t\t\t\t<\/div>\n\n\t\t\t\t\t\t\t\t\t<\/div>\n\t<\/section>\n\n\n\n\t<section class=\"snk-section snk-section_xs\" >\n\t\t<div class=\"container container-xs\">\n\n\t\t\t\n\n\t\t\t\n\t\t\t\t<div class=\"row snk-textColumns\">\n\t\t\t\t\t\n\t\t\t\t\t\t<div class=\"col col-12 snk-textColumn\">\n\t\t\t\t\t\t\t<div class=\"snk-textBlock\">\n\t\t\t\t\t\t\t\t\n\t\t\t\t\t\t\t\t\t\t\t\t\t\t\t\t\t<h3>Logistikstandort mit Zukunftsperspektive<\/h3>\n\t\t\t\t\t\t\t\t\n\t\t\t\t\t\t\t\t\t\t\t\t\t\t\t\t\t<p>Auf dem rund 59.200 Quadratmeter gro\u00dfen Grundst\u00fcck entsteht ein modernes Logistikgeb\u00e4ude mit etwa 33.000 Quadratmetern Gesamtnutzfl\u00e4che, verteilt auf vier Mieteinheiten. Rund 29.900 Quadratmeter entfallen auf Hallenfl\u00e4chen, erg\u00e4nzt durch B\u00fcro- und Sozialbereiche. Mit dem international t\u00e4tigen Logistikdienstleister DACHSER steht der Hauptmieter bereits fest. <\/p>\n<p>Die Fertigstellung ist f\u00fcr das dritte Quartal 2026 geplant. Nach der Fertigstellung soll die Immobilie mit dem Gold-Siegel der Deutschen Gesellschaft f\u00fcr Nachhaltiges Bauen (DGNB) ausgezeichnet werden. Grundlage daf\u00fcr sind eine hervorragende Geb\u00e4uded\u00e4mmung, energieeffiziente Beleuchtungs- und Klimasysteme sowie eine leistungsstarke Photovoltaikanlage, die einen Gro\u00dfteil des Energiebedarfs vor Ort decken kann. Mit einer geplanten Leistung von rund 3,66 MWp k\u00f6nnte sie k\u00fcnftig die gr\u00f6\u00dfte Aufdachanlage K\u00f6lns werden. Erg\u00e4nzend sind zahlreiche Ladepunkte f\u00fcr E-Autos und E-Bikes vorgesehen.<\/p>\n<p>Mit dem Baustellenfest und der Kunstinstallation wird bereits vor Fertigstellung deutlich, welchen Anspruch OSMAB und ALCARO mit dem Log Plaza Colonia 3 verfolgen: die Verbindung von wirtschaftlicher Nutzung, architektonischer Qualit\u00e4t und gesellschaftlicher Verantwortung.<\/p>\n\t\t\t\t\t\t\t\t\n\t\t\t\t\t\t\t\t\t\t\t\t\t\t\t<\/div>\n\t\t\t\t\t\t<\/div>\n\n\t\t\t\t\t\t\n\t\t\t\t<\/div>\n\n\t\t\t\t\t\t\t\t\t<\/div>\n\t<\/section>\n\n\n\n\t<section class=\"snk-section snk-section_noPadding\">\n\t\t<div class=\"container container-xs\">\n\t\t\t<div class=\"snk-media snk-media_image\">\n\n\t\t\t\t\t\t\t\t\t<img decoding=\"async\" data-src=\"https:\/\/assetphysics.com\/wp-content\/uploads\/2026\/04\/luftaufnahme_log_plaza_colonia3_osmab-scaled.jpeg\" alt=\"Luftaufnahme des im Bau befindlichen Logistikprojekts Log Plaza Colonia 3 in K\u00f6ln-Porz\" title=\"Luftaufnahme des Log Plaza Colonia 3 in K\u00f6ln-Porz\" src=\"data:image\/svg+xml;base64,PHN2ZyB3aWR0aD0iMSIgaGVpZ2h0PSIxIiB4bWxucz0iaHR0cDovL3d3dy53My5vcmcvMjAwMC9zdmciPjwvc3ZnPg==\" class=\"lazyload\" style=\"--smush-placeholder-width: 2560px; --smush-placeholder-aspect-ratio: 2560\/1920;\" \/>\n\t\t\t\t\t\t<div class=\"snk-media-caption\">Luftaufnahme des Logistikprojekts Log Plaza Colonia 3 w\u00e4hrend der Bauphase in K\u00f6ln-Porz. Bildquelle: OSMAB<\/div>\t\t\t<\/div>\n\n\t\t\t\t\t<\/div>\n\n\t\t\t<\/section>\n\t","protected":false},"excerpt":{"rendered":"<p>OSMAB Holding AG und ALCARO Invest haben den Baufortschritt des Log Plaza Colonia 3 in K\u00f6ln-Porz mit einem Baustellenfest gefeiert und das Mural \u201eErinnerung verpflichtet\u201c von AKUT enth\u00fcllt, das die lokale NS-Geschichte thematisiert. Das Logistikprojekt bietet rund 33.000 m\u00b2 Gesamtnutzfl\u00e4che mit DACHSER als Hauptmieter und soll im dritten Quartal 2026 fertiggestellt werden. Angestrebt werden DGNB-Gold sowie eine Photovoltaikanlage mit ca. 3,66 MWp, die eine der gr\u00f6\u00dften Aufdachanlagen K\u00f6lns werden k\u00f6nnte.<\/p>\n","protected":false},"author":233,"featured_media":29159,"comment_status":"closed","ping_status":"closed","sticky":false,"template":"","format":"standard","meta":{"_acf_changed":false,"inline_featured_image":false,"_co_authors":[],"footnotes":""},"categories":[677,10],"tags":[],"type_content":[170],"class_list":["post-29168","post","type-post","status-publish","format-standard","has-post-thumbnail","hentry","category-developments","category-real-estate","type_content-news"],"acf":{"homepage_featured_article":false},"_links":{"self":[{"href":"https:\/\/assetphysics.com\/de\/wp-json\/wp\/v2\/posts\/29168","targetHints":{"allow":["GET"]}}],"collection":[{"href":"https:\/\/assetphysics.com\/de\/wp-json\/wp\/v2\/posts"}],"about":[{"href":"https:\/\/assetphysics.com\/de\/wp-json\/wp\/v2\/types\/post"}],"author":[{"embeddable":true,"href":"https:\/\/assetphysics.com\/de\/wp-json\/wp\/v2\/users\/233"}],"replies":[{"embeddable":true,"href":"https:\/\/assetphysics.com\/de\/wp-json\/wp\/v2\/comments?post=29168"}],"version-history":[{"count":2,"href":"https:\/\/assetphysics.com\/de\/wp-json\/wp\/v2\/posts\/29168\/revisions"}],"predecessor-version":[{"id":29215,"href":"https:\/\/assetphysics.com\/de\/wp-json\/wp\/v2\/posts\/29168\/revisions\/29215"}],"wp:featuredmedia":[{"embeddable":true,"href":"https:\/\/assetphysics.com\/de\/wp-json\/wp\/v2\/media\/29159"}],"wp:attachment":[{"href":"https:\/\/assetphysics.com\/de\/wp-json\/wp\/v2\/media?parent=29168"}],"wp:term":[{"taxonomy":"category","embeddable":true,"href":"https:\/\/assetphysics.com\/de\/wp-json\/wp\/v2\/categories?post=29168"},{"taxonomy":"post_tag","embeddable":true,"href":"https:\/\/assetphysics.com\/de\/wp-json\/wp\/v2\/tags?post=29168"},{"taxonomy":"type_content","embeddable":true,"href":"https:\/\/assetphysics.com\/de\/wp-json\/wp\/v2\/type_content?post=29168"}],"curies":[{"name":"wp","href":"https:\/\/api.w.org\/{rel}","templated":true}]}}