{"id":29252,"date":"2026-04-28T06:42:37","date_gmt":"2026-04-28T06:42:37","guid":{"rendered":"https:\/\/assetphysics.com\/?p=29252"},"modified":"2026-04-28T06:42:37","modified_gmt":"2026-04-28T06:42:37","slug":"pembroke-und-ehretklein-ag-legen-grundstein-fuer-186-neue-mietwohnungen-in-muenchen","status":"publish","type":"post","link":"https:\/\/assetphysics.com\/de\/pembroke-und-ehretklein-ag-legen-grundstein-fuer-186-neue-mietwohnungen-in-muenchen\/","title":{"rendered":"Pembroke und Ehret+Klein AG legen Grundstein f\u00fcr 186 neue Mietwohnungen in M\u00fcnchen"},"content":{"rendered":"\n\t<section class=\"snk-section snk-section_xs\" >\n\t\t<div class=\"container container-xs\">\n\n\t\t\t\n\n\t\t\t\n\t\t\t\t<div class=\"row snk-textColumns\">\n\t\t\t\t\t\n\t\t\t\t\t\t<div class=\"col col-12 snk-textColumn\">\n\t\t\t\t\t\t\t<div class=\"snk-textBlock\">\n\t\t\t\t\t\t\t\t\n\t\t\t\t\t\t\t\t\n\t\t\t\t\t\t\t\t\t\t\t\t\t\t\t\t\t<p><span data-olk-copy-source=\"MailCompose\">Gro\u00dfer Schritt f\u00fcr M\u00fcnchen-Sendling: Gemeinsam mit rund 100 G\u00e4sten feierten die Stadtbaur\u00e4tin der Landeshauptstadt M\u00fcnchen Prof. Dr. (Univ. Florenz) Elisabeth Merk, Christian Bosiljanoff, Senior Regional Director Deutschland bei Pembroke, sowie Michael Ehret, Gr\u00fcnder von ehret+klein, die Grundsteinlegung f\u00fcr das Projekt \u201eAlram 14\u201c. Damit wurde offiziell der Startschuss f\u00fcr den Bau von 186 neuen Mietwohnungen gesetzt. Die Fertigstellung ist bis Mitte 2028 geplant.\u00a0<\/span><\/p>\n<p>Pembroke und die Ehret+Klein AG beenden damit den \u00fcber viele Jahre w\u00e4hrenden Stillstand in der Baugrube an der Alramstra\u00dfe 14. Aus einer langj\u00e4hrigen Brache entsteht in den kommenden zweieinhalb Jahren ein attraktives Wohnensemble, das sich behutsam in die gewachsenen Strukturen des Quartiers einf\u00fcgt. Die Rohbauarbeiten an den Untergeschossen haben bereits begonnen und schreiten schnell voran.<\/p>\n<p>Auf einer Gesamtfl\u00e4che von rund 16.000 Quadratmetern entstehen dank umfassender Umplanungen 186 Mietwohnungen \u2013 rund 50 Prozent mehr als in der urspr\u00fcnglichen Planung durch den vorherigen Eigent\u00fcmer vorgesehen. Erg\u00e4nzt wird das Angebot durch zahlreiche Annehmlichkeiten wie eine Tiefgarage f\u00fcr Pkw und Fahrr\u00e4der, ein ganzheitliches Mobilit\u00e4tskonzept sowie eine hochwertige Ausstattung, die modernen und attraktiven Wohnraum schafft.<\/p>\n<p>F\u00fcr den internationalen agierenden Immobilienberater Pembroke markiert die Grundsteinlegung den Einstieg in den deutschen Wohnungsmarkt und damit einen weiteren Schritt zur Diversifizierung des Engagements in Deutschland.<\/p>\n<p>\u201eDas Projekt Alram 14 ist ein Meilenstein in zweifacher Hinsicht: Als erstes Bauvorhaben von Pembroke im deutschen Wohnungsmarkt f\u00fcr uns als Unternehmen selbst, vor allem aber f\u00fcr den Stadtteil Sendling. Alram 14 haben wir auf die besonderen Bed\u00fcrfnisse des M\u00fcnchner Markts zugeschnitten und schaffen nun deutlich mehr Wohnungen als urspr\u00fcnglich geplant. M\u00fcnchen braucht ein Mehr an attraktiven und hochwertigen Mietangeboten und genau diese entstehen nun im Herzen von Sendling. Als aktiver und langfristig orientierter Entwickler und Investor sehen wir die Grundsteinlegung von Alram 14 als Startschuss, unsere Pr\u00e4senz in M\u00fcnchen und ganz Deutschland Schritt f\u00fcr Schritt auszubauen\u201c, so Christian Bosiljanoff, Senior Regional Director Deutschland bei Pembroke<\/p>\n<p>Der fr\u00fchere REWE-Markt, der den Standort \u00fcber viele Jahre hinweg zu einem wichtigen Anlaufpunkt f\u00fcr ganz Untersendling machte, kehrt nach Fertigstellung mit einer modernen und gro\u00dfz\u00fcgigen Verkaufsfl\u00e4che mit rund 1.200 Quadratmetern zur\u00fcck. Dar\u00fcber hinaus vervollst\u00e4ndigen Fl\u00e4chen f\u00fcr eine Kindertageseinrichtung sowie f\u00fcr eine dritte, kleinere Gewerbeeinheit das Angebot im Geb\u00e4ude. Ein hoher Anteil an Gr\u00fcn- und Freifl\u00e4chen macht das Areal k\u00fcnftig zu einem lebendigen Treffpunkt im Quartier und schafft Aufenthaltsqualit\u00e4t in einem bislang versiegelten Umfeld.<\/p>\n<p>\u201eDie Grundsteinlegung in der Alramstra\u00dfe 14 markiert den Auftakt f\u00fcr einen neuen, lebendigen Quartiersbaustein. Wo nach jahrelangem Stillstand eine leere Baugrube das Bild pr\u00e4gte, entstehen nun dringend ben\u00f6tigte Mietwohnungen, eine moderne Kita und Angebote der Nahversorgung unter einem Dach. Dieses Projekt zeigt beispielhaft, wie durch gemeinsames Engagement und st\u00e4dtebauliche Vision wertvoller Lebensraum inmitten gewachsener Strukturen entsteht\u201c, so Prof. Dr. (Univ. Florenz) Elisabeth Merk, Stadtbaur\u00e4tin der Landeshauptstadt M\u00fcnchen.<\/p>\n<p>\u201cWo vor kurzem noch eine mit Grundwasser gef\u00fcllte Baugrube stand, entsteht nun dringend ben\u00f6tigter Wohnraum in einem der gefragtesten Viertel der Stadt. Bereits fr\u00fchzeitig haben wir das brachliegende st\u00e4dtebauliche Potenzial erkannt und durch eine umfassende finanzielle Restrukturierung die Grundlage f\u00fcr die heutige Entwicklung geschaffen. Gemeinsam mit den Generalunternehmern Implenia und Zech gehen wir nun in die Umsetzung und freuen uns \u00fcber den bereits sichtbaren Baufortschritt\u201c, so Michael Ehret, Gr\u00fcnder von ehret+klein.<\/p>\n\t\t\t\t\t\t\t\t\n\t\t\t\t\t\t\t\t\t\t\t\t\t\t\t<\/div>\n\t\t\t\t\t\t<\/div>\n\n\t\t\t\t\t\t\n\t\t\t\t<\/div>\n\n\t\t\t\t\t\t\t\t\t<\/div>\n\t<\/section>\n\n\n\n\t<section class=\"snk-section snk-section_xs\" >\n\t\t<div class=\"container container-xs\">\n\n\t\t\t\n\n\t\t\t\t\t\t\t<div class=\"row snk-textColumns\">\n\t\t\t\t\t<div class=\"col col-12 snk-textColumn\">\n\t\t\t\t\t\t<div class=\"snk-textBlock\">\n\t\t\t\t\t\t\t<h3>Beispiel-\u00dcberschrift<\/h3>\n\t\t\t\t\t\t\t<p>Dieser Paragraph ist ein Platzhaltertext, der zu Demonstrationszwecken dient. Du kannst diesen Text anpassen, indem Du das Feld \u201eDescription\u201c im Abschnitt \u201eText blocks\u201c bearbeitest. F\u00fcge gerne weitere Inhalte hinzu, einschlie\u00dflich zus\u00e4tzlicher \u201eText blocks\u201c, einer zus\u00e4tzlichen gro\u00dfen \u00dcberschrift (\u201eSection Title\u201c), Links oder anderer relevanter Informationen.<\/p>\n\t\t\t\t\t\t<\/div>\n\t\t\t\t\t<\/div>\n\t\t\t\t<\/div>\n\t\t\t\t\t\t\t\t\t<\/div>\n\t<\/section>\n\n\n\n\t<section class=\"snk-section snk-section_noPadding\">\n\t\t<div class=\"container container-xs\">\n\t\t\t<div class=\"snk-media snk-media_image\">\n\n\t\t\t\t\t\t\t\t\t<img decoding=\"async\" data-src=\"https:\/\/assetphysics.com\/wp-content\/uploads\/2026\/04\/vcsprasset_3698610_525510_cfd6d9f0_a4a7_43b2_abd1_53341c6efe96_0-scaled.jpeg\" alt=\"Gruppenbild bei der Grundsteinlegung des Projekts Alram 14 in M\u00fcnchen mit mehreren Projektbeteiligten beim symbolischen Spatenstich.\" title=\"Grundsteinlegung Alram 14 M\u00fcnchen\" src=\"data:image\/svg+xml;base64,PHN2ZyB3aWR0aD0iMSIgaGVpZ2h0PSIxIiB4bWxucz0iaHR0cDovL3d3dy53My5vcmcvMjAwMC9zdmciPjwvc3ZnPg==\" class=\"lazyload\" style=\"--smush-placeholder-width: 2560px; --smush-placeholder-aspect-ratio: 2560\/1707;\" \/>\n\t\t\t\t\t\t<div class=\"snk-media-caption\">Foto Grundsteinlegung: v.l. Christian Bosiljanoff, Senior Regional Director, Germany, Pembroke; Roland Eberhart, Gesch\u00e4ftsleitung Implenia Hochbau GmbH; Prof. Dr. (Univ. Florenz) Elisabeth Merk, Stadtbaur\u00e4tin der Landeshauptstadt M\u00fcnchen; Michael Ehret, Gr\u00fcnder von ehret+klein; Martin Bumann, Technischer Niederlassungsleiter, ZECH Bau SE Niederlassung Schl\u00fcsselfertigbau M\u00fcnchen; Urheber: Thomas Friedl. Bildquelle: Thomas Friedl<\/div>\t\t\t<\/div>\n\n\t\t\t\t\t<\/div>\n\n\t\t\t<\/section>\n\t","protected":false},"excerpt":{"rendered":"<p>Pembroke und Ehret+Klein haben in M\u00fcnchen-Sendling den Grundstein f\u00fcr das Projekt \u201eAlram 14\u201c gelegt, das 186 Mietwohnungen, einen REWE-Markt und eine Kita vorsieht. Die Rohbauarbeiten laufen bereits, die Fertigstellung ist bis Mitte 2028 geplant. F\u00fcr Pembroke markiert das Vorhaben den Einstieg in den deutschen Wohnungsmarkt.<\/p>\n","protected":false},"author":466,"featured_media":29240,"comment_status":"closed","ping_status":"closed","sticky":false,"template":"","format":"standard","meta":{"_acf_changed":false,"inline_featured_image":false,"_co_authors":[179],"footnotes":""},"categories":[677,10],"tags":[],"type_content":[170],"class_list":["post-29252","post","type-post","status-publish","format-standard","has-post-thumbnail","hentry","category-developments","category-real-estate","type_content-news"],"acf":{"homepage_featured_article":false},"_links":{"self":[{"href":"https:\/\/assetphysics.com\/de\/wp-json\/wp\/v2\/posts\/29252","targetHints":{"allow":["GET"]}}],"collection":[{"href":"https:\/\/assetphysics.com\/de\/wp-json\/wp\/v2\/posts"}],"about":[{"href":"https:\/\/assetphysics.com\/de\/wp-json\/wp\/v2\/types\/post"}],"author":[{"embeddable":true,"href":"https:\/\/assetphysics.com\/de\/wp-json\/wp\/v2\/users\/466"}],"replies":[{"embeddable":true,"href":"https:\/\/assetphysics.com\/de\/wp-json\/wp\/v2\/comments?post=29252"}],"version-history":[{"count":3,"href":"https:\/\/assetphysics.com\/de\/wp-json\/wp\/v2\/posts\/29252\/revisions"}],"predecessor-version":[{"id":29318,"href":"https:\/\/assetphysics.com\/de\/wp-json\/wp\/v2\/posts\/29252\/revisions\/29318"}],"wp:featuredmedia":[{"embeddable":true,"href":"https:\/\/assetphysics.com\/de\/wp-json\/wp\/v2\/media\/29240"}],"wp:attachment":[{"href":"https:\/\/assetphysics.com\/de\/wp-json\/wp\/v2\/media?parent=29252"}],"wp:term":[{"taxonomy":"category","embeddable":true,"href":"https:\/\/assetphysics.com\/de\/wp-json\/wp\/v2\/categories?post=29252"},{"taxonomy":"post_tag","embeddable":true,"href":"https:\/\/assetphysics.com\/de\/wp-json\/wp\/v2\/tags?post=29252"},{"taxonomy":"type_content","embeddable":true,"href":"https:\/\/assetphysics.com\/de\/wp-json\/wp\/v2\/type_content?post=29252"}],"curies":[{"name":"wp","href":"https:\/\/api.w.org\/{rel}","templated":true}]}}