{"id":44942,"date":"2026-09-02T07:03:06","date_gmt":"2026-09-02T07:03:06","guid":{"rendered":"https:\/\/assetphysics.com\/?p=44942"},"modified":"2026-09-03T00:01:22","modified_gmt":"2026-09-03T00:01:22","slug":"iph-gruppe-verstaerkt-leasing-team-weiter","status":"publish","type":"post","link":"https:\/\/assetphysics.com\/de\/iph-gruppe-verstaerkt-leasing-team-weiter\/","title":{"rendered":"IPH Gruppe verst\u00e4rkt Leasing-Team weiter"},"content":{"rendered":"\n\t<section class=\"snk-section snk-section_xs\" >\n\t\t<div class=\"container container-xs\">\n\n\t\t\t\n\n\t\t\t\n\t\t\t\t<div class=\"row snk-textColumns\">\n\t\t\t\t\t\n\t\t\t\t\t\t<div class=\"col col-12 snk-textColumn\">\n\t\t\t\t\t\t\t<div class=\"snk-textBlock\">\n\t\t\t\t\t\t\t\t\n\t\t\t\t\t\t\t\t\n\t\t\t\t\t\t\t\t\t\t\t\t\t\t\t\t\t<p>Die IPH Gruppe baut ihre Vermietungskompetenz weiter aus und verst\u00e4rkt ihr Leasing-Team mit zwei Neueinstellungen: Sarah Schwarz \u00fcbernimmt als Leasing Managerin Verantwortung f\u00fcr die Region Rhein-Main. Charlotte Hillermann startet als Junior Leasing Managerin am Standort M\u00fcnchen.<\/p>\n\t\t\t\t\t\t\t\t\n\t\t\t\t\t\t\t\t\t\t\t\t\t\t\t<\/div>\n\t\t\t\t\t\t<\/div>\n\n\t\t\t\t\t\t\n\t\t\t\t<\/div>\n\n\t\t\t\t\t\t\t\t\t<\/div>\n\t<\/section>\n\n\n\t<section class=\"snk-section snk-section_xs\" >\n\t\t<div class=\"container container-xs\">\n\n\t\t\t\n\n\t\t\t\n\t\t\t\t<div class=\"row snk-textColumns\">\n\t\t\t\t\t\n\t\t\t\t\t\t<div class=\"col col-12 snk-textColumn\">\n\t\t\t\t\t\t\t<div class=\"snk-textBlock\">\n\t\t\t\t\t\t\t\t\n\t\t\t\t\t\t\t\t\n\t\t\t\t\t\t\t\t\t\t\t\t\t\t\t\t\t<p>Sarah Schwarz bringt umfangreiche Erfahrung in der Expansion und Standortentwicklung im Lebensmitteleinzelhandel mit. Zuletzt war sie als Gebietsleiterin Gro\u00dfstadtexpansion Rhein-Main bei Netto Marken-Discount t\u00e4tig und verantwortete die Regionen Frankfurt, Offenbach, Mainz, Wiesbaden und Darmstadt. Zuvor sammelte sie unter anderem bei Cushman &#038; Wakefield im Bereich Retail Capital Markets, bei CBRE im Research sowie bei Lidl im Bereich Portfoliomanagement und Expansion Erfahrung in der Immobilienwirtschaft.<\/p>\n\t\t\t\t\t\t\t\t\n\t\t\t\t\t\t\t\t\t\t\t\t\t\t\t<\/div>\n\t\t\t\t\t\t<\/div>\n\n\t\t\t\t\t\t\n\t\t\t\t<\/div>\n\n\t\t\t\t\t\t\t\t\t<\/div>\n\t<\/section>\n\n\n\t<section class=\"snk-section snk-section_xs\" >\n\t\t<div class=\"container container-xs\">\n\n\t\t\t\n\n\t\t\t\n\t\t\t\t<div class=\"row snk-textColumns\">\n\t\t\t\t\t\n\t\t\t\t\t\t<div class=\"col col-12 snk-textColumn\">\n\t\t\t\t\t\t\t<div class=\"snk-textBlock\">\n\t\t\t\t\t\t\t\t\n\t\t\t\t\t\t\t\t\n\t\t\t\t\t\t\t\t\t\t\t\t\t\t\t\t\t<p>Charlotte Hillermann verst\u00e4rkt das Leasing-Team der IPH Gruppe in M\u00fcnchen. Die ausgebildete Immobilienkauffrau war zuletzt als Immobilienberaterin bei \u201eObject Vermietung\u201c t\u00e4tig und verantwortete dort das Vermietungsmanagement von Gewerbe- und Einzelhandelsfl\u00e4chen.<\/p>\n\t\t\t\t\t\t\t\t\n\t\t\t\t\t\t\t\t\t\t\t\t\t\t\t<\/div>\n\t\t\t\t\t\t<\/div>\n\n\t\t\t\t\t\t\n\t\t\t\t<\/div>\n\n\t\t\t\t\t\t\t\t\t<\/div>\n\t<\/section>\n\n\n\t<section class=\"snk-section snk-section_xs\" >\n\t\t<div class=\"container container-xs\">\n\n\t\t\t\n\n\t\t\t\n\t\t\t\t<div class=\"row snk-textColumns\">\n\t\t\t\t\t\n\t\t\t\t\t\t<div class=\"col col-12 snk-textColumn\">\n\t\t\t\t\t\t\t<div class=\"snk-textBlock\">\n\t\t\t\t\t\t\t\t\n\t\t\t\t\t\t\t\t\n\t\t\t\t\t\t\t\t\t\t\t\t\t\t\t\t\t<p>\u201eMit Sarah Schwarz und Charlotte Hillermann verst\u00e4rken wir unser Leasing-Team gezielt in zwei wichtigen M\u00e4rkten. Damit bauen wir unsere Vermietungskompetenz und unsere regionale Pr\u00e4senz weiter aus\u201c, sagt Lars J\u00e4hnichen, Gesch\u00e4ftsf\u00fchrer der IPH Gruppe.<\/p>\n\t\t\t\t\t\t\t\t\n\t\t\t\t\t\t\t\t\t\t\t\t\t\t\t<\/div>\n\t\t\t\t\t\t<\/div>\n\n\t\t\t\t\t\t\n\t\t\t\t<\/div>\n\n\t\t\t\t\t\t\t\t\t<\/div>\n\t<\/section>\n","protected":false},"excerpt":{"rendered":"<p>Die IPH Gruppe verst\u00e4rkt ihr Leasing-Team mit zwei Neueinstellungen: Sarah Schwarz wird Leasing Managerin f\u00fcr die Region Rhein-Main, Charlotte Hillermann startet als Junior Leasing Managerin in M\u00fcnchen. Gesch\u00e4ftsf\u00fchrer Lars J\u00e4hnichen betont den Ausbau von Vermietungskompetenz und regionaler Pr\u00e4senz.<\/p>\n","protected":false},"author":183,"featured_media":44948,"comment_status":"closed","ping_status":"closed","sticky":false,"template":"","format":"standard","meta":{"_acf_changed":false,"inline_featured_image":false,"_co_authors":[],"footnotes":""},"categories":[875],"tags":[],"type_content":[170],"class_list":["post-44942","post","type-post","status-publish","format-standard","has-post-thumbnail","hentry","category-dynamics","type_content-news"],"acf":{"homepage_featured_article":false},"_links":{"self":[{"href":"https:\/\/assetphysics.com\/de\/wp-json\/wp\/v2\/posts\/44942","targetHints":{"allow":["GET"]}}],"collection":[{"href":"https:\/\/assetphysics.com\/de\/wp-json\/wp\/v2\/posts"}],"about":[{"href":"https:\/\/assetphysics.com\/de\/wp-json\/wp\/v2\/types\/post"}],"author":[{"embeddable":true,"href":"https:\/\/assetphysics.com\/de\/wp-json\/wp\/v2\/users\/183"}],"replies":[{"embeddable":true,"href":"https:\/\/assetphysics.com\/de\/wp-json\/wp\/v2\/comments?post=44942"}],"version-history":[{"count":1,"href":"https:\/\/assetphysics.com\/de\/wp-json\/wp\/v2\/posts\/44942\/revisions"}],"predecessor-version":[{"id":44943,"href":"https:\/\/assetphysics.com\/de\/wp-json\/wp\/v2\/posts\/44942\/revisions\/44943"}],"wp:featuredmedia":[{"embeddable":true,"href":"https:\/\/assetphysics.com\/de\/wp-json\/wp\/v2\/media\/44948"}],"wp:attachment":[{"href":"https:\/\/assetphysics.com\/de\/wp-json\/wp\/v2\/media?parent=44942"}],"wp:term":[{"taxonomy":"category","embeddable":true,"href":"https:\/\/assetphysics.com\/de\/wp-json\/wp\/v2\/categories?post=44942"},{"taxonomy":"post_tag","embeddable":true,"href":"https:\/\/assetphysics.com\/de\/wp-json\/wp\/v2\/tags?post=44942"},{"taxonomy":"type_content","embeddable":true,"href":"https:\/\/assetphysics.com\/de\/wp-json\/wp\/v2\/type_content?post=44942"}],"curies":[{"name":"wp","href":"https:\/\/api.w.org\/{rel}","templated":true}]}}