{"id":45270,"date":"2026-09-04T07:19:39","date_gmt":"2026-09-04T07:19:39","guid":{"rendered":"https:\/\/assetphysics.com\/?p=45270"},"modified":"2026-09-05T00:00:50","modified_gmt":"2026-09-05T00:00:50","slug":"luebke-kelber-mit-veraenderungen-im-vorstand","status":"publish","type":"post","link":"https:\/\/assetphysics.com\/de\/luebke-kelber-mit-veraenderungen-im-vorstand\/","title":{"rendered":"L\u00fcbke Kelber mit Ver\u00e4nderungen im Vorstand"},"content":{"rendered":"\n\t<section class=\"snk-section snk-section_xs\" >\n\t\t<div class=\"container container-xs\">\n\n\t\t\t\n\n\t\t\t\n\t\t\t\t<div class=\"row snk-textColumns\">\n\t\t\t\t\t\n\t\t\t\t\t\t<div class=\"col col-12 snk-textColumn\">\n\t\t\t\t\t\t\t<div class=\"snk-textBlock\">\n\t\t\t\t\t\t\t\t\n\t\t\t\t\t\t\t\t\n\t\t\t\t\t\t\t\t\t\t\t\t\t\t\t\t\t<p>Marc Sahling, CEO der L\u00fcbke Kelber AG, wird das Unternehmen zum 30. September 2026 auf eigenen Wunsch verlassen und sich einer neuen beruflichen Aufgabe widmen.<\/p>\n\t\t\t\t\t\t\t\t\n\t\t\t\t\t\t\t\t\t\t\t\t\t\t\t<\/div>\n\t\t\t\t\t\t<\/div>\n\n\t\t\t\t\t\t\n\t\t\t\t<\/div>\n\n\t\t\t\t\t\t\t\t\t<\/div>\n\t<\/section>\n\n\n\n\t<section class=\"snk-section snk-section_xs\" >\n\t\t<div class=\"container container-xs\">\n\n\t\t\t\n\n\t\t\t\n\t\t\t\t<div class=\"row snk-textColumns\">\n\t\t\t\t\t\n\t\t\t\t\t\t<div class=\"col col-12 snk-textColumn\">\n\t\t\t\t\t\t\t<div class=\"snk-textBlock\">\n\t\t\t\t\t\t\t\t\n\t\t\t\t\t\t\t\t\n\t\t\t\t\t\t\t\t\t\t\t\t\t\t\t\t\t<p>Dr. Karsten Lieser, bislang Gesch\u00e4ftsf\u00fchrer der L\u00fcbke Kelber Investment Partners und CIO, wurde mit Wirkung zum 24. August 2026 in den Vorstand der L\u00fcbke Kelber AG berufen. Dar\u00fcber hinaus wird der Vorstand sp\u00e4testens zum Jahresende um eine weitere Pers\u00f6nlichkeit erg\u00e4nzt. Die entsprechende vertragliche Vereinbarung ist bereits abgeschlossen. \u00dcber die Personalie wird das Unternehmen zu gegebener Zeit gesondert informieren.<\/p>\n\t\t\t\t\t\t\t\t\n\t\t\t\t\t\t\t\t\t\t\t\t\t\t\t<\/div>\n\t\t\t\t\t\t<\/div>\n\n\t\t\t\t\t\t\n\t\t\t\t<\/div>\n\n\t\t\t\t\t\t\t\t\t<\/div>\n\t<\/section>\n\n\n\n\t<section class=\"snk-section snk-section_xs\" >\n\t\t<div class=\"container container-xs\">\n\n\t\t\t\n\n\t\t\t\n\t\t\t\t<div class=\"row snk-textColumns\">\n\t\t\t\t\t\n\t\t\t\t\t\t<div class=\"col col-12 snk-textColumn\">\n\t\t\t\t\t\t\t<div class=\"snk-textBlock\">\n\t\t\t\t\t\t\t\t\n\t\t\t\t\t\t\t\t\n\t\t\t\t\t\t\t\t\t\t\t\t\t\t\t\t\t<p>Auf Basis des in den vergangenen Jahren Erreichten, richtet die L\u00fcbke Kelber AG ihren Blick auf die weitere Skalierung und st\u00e4rkere Verzahnung ihrer Gesch\u00e4ftsbereiche. Im Fokus stehen der Ausbau wiederkehrender Erl\u00f6se sowie die St\u00e4rkung von Profitabilit\u00e4t und Cashflow. Gleichzeitig sollen das Gesch\u00e4ft mit institutionellen Investoren ausgebaut und die Positionierung am Kapitalmarkt weiter gest\u00e4rkt werden. Mit der breiteren Aufstellung des Vorstands will L\u00fcbke Kelber zudem strategische und operative F\u00fchrungskompetenz \u00fcber die verschiedenen Gesch\u00e4ftsbereiche hinweg st\u00e4rker b\u00fcndeln.<\/p>\n\t\t\t\t\t\t\t\t\n\t\t\t\t\t\t\t\t\t\t\t\t\t\t\t<\/div>\n\t\t\t\t\t\t<\/div>\n\n\t\t\t\t\t\t\n\t\t\t\t<\/div>\n\n\t\t\t\t\t\t\t\t\t<\/div>\n\t<\/section>\n\n\n\n\t<section class=\"snk-section snk-section_xs\" >\n\t\t<div class=\"container container-xs\">\n\n\t\t\t\n\n\t\t\t\n\t\t\t\t<div class=\"row snk-textColumns\">\n\t\t\t\t\t\n\t\t\t\t\t\t<div class=\"col col-12 snk-textColumn\">\n\t\t\t\t\t\t\t<div class=\"snk-textBlock\">\n\t\t\t\t\t\t\t\t\n\t\t\t\t\t\t\t\t\n\t\t\t\t\t\t\t\t\t\t\t\t\t\t\t\t\t<p>In den vergangenen Jahren hat sich die L\u00fcbke Kelber AG von einem stark transaktionsorientierten Immobilienberatungsunternehmen zu einer breit aufgestellten Immobilienplattform weiterentwickelt. Neben dem klassischen Transaktionsgesch\u00e4ft wurden insbesondere das Asset- und Investment Management, das Property Management sowie der Bereich Living und damit verbundene wiederkehrende Erl\u00f6squellen ausgebaut.<\/p>\n\t\t\t\t\t\t\t\t\n\t\t\t\t\t\t\t\t\t\t\t\t\t\t\t<\/div>\n\t\t\t\t\t\t<\/div>\n\n\t\t\t\t\t\t\n\t\t\t\t<\/div>\n\n\t\t\t\t\t\t\t\t\t<\/div>\n\t<\/section>\n\n\n\n\t<section class=\"snk-section snk-section_xs\" >\n\t\t<div class=\"container container-xs\">\n\n\t\t\t\n\n\t\t\t\n\t\t\t\t<div class=\"row snk-textColumns\">\n\t\t\t\t\t\n\t\t\t\t\t\t<div class=\"col col-12 snk-textColumn\">\n\t\t\t\t\t\t\t<div class=\"snk-textBlock\">\n\t\t\t\t\t\t\t\t\n\t\t\t\t\t\t\t\t\n\t\t\t\t\t\t\t\t\t\t\t\t\t\t\t\t\t<p>\u201eMarc Sahling hat diese Entwicklung ma\u00dfgeblich vorangetrieben und wichtige unternehmerische Impulse gesetzt. Daf\u00fcr und f\u00fcr seinen gro\u00dfen pers\u00f6nlichen Einsatz danke ich ihm ausdr\u00fccklich. Wir haben seinen Entschluss in den vergangenen Wochen offen und vertrauensvoll miteinander besprochen und gehen nach vielen gemeinsamen Jahren in gro\u00dfer Verbundenheit auseinander. F\u00fcr seinen weiteren pers\u00f6nlichen und beruflichen Weg w\u00fcnsche ich ihm alles Gute\u201c, sagt J\u00fcrgen F. Kelber, Aufsichtsrat der L\u00fcbke Kelber AG.<\/p>\n\t\t\t\t\t\t\t\t\n\t\t\t\t\t\t\t\t\t\t\t\t\t\t\t<\/div>\n\t\t\t\t\t\t<\/div>\n\n\t\t\t\t\t\t\n\t\t\t\t<\/div>\n\n\t\t\t\t\t\t\t\t\t<\/div>\n\t<\/section>\n\n\n\n\t<section class=\"snk-section snk-section_xs\" >\n\t\t<div class=\"container container-xs\">\n\n\t\t\t\n\n\t\t\t\n\t\t\t\t<div class=\"row snk-textColumns\">\n\t\t\t\t\t\n\t\t\t\t\t\t<div class=\"col col-12 snk-textColumn\">\n\t\t\t\t\t\t\t<div class=\"snk-textBlock\">\n\t\t\t\t\t\t\t\t\n\t\t\t\t\t\t\t\t\n\t\t\t\t\t\t\t\t\t\t\t\t\t\t\t\t\t<p>Die L\u00fcbke Kelber AG wird den eingeschlagenen Weg als integrierte Immobilienplattform konsequent weiterverfolgen und das Unternehmen damit unabh\u00e4ngiger von einzelnen Transaktionen und Marktphasen aufstellen.<\/p>\n\t\t\t\t\t\t\t\t\n\t\t\t\t\t\t\t\t\t\t\t\t\t\t\t<\/div>\n\t\t\t\t\t\t<\/div>\n\n\t\t\t\t\t\t\n\t\t\t\t<\/div>\n\n\t\t\t\t\t\t\t\t\t<\/div>\n\t<\/section>\n\n\n\n\t<section class=\"snk-section snk-section_noPadding\">\n\t\t<div class=\"container container-xs\">\n\t\t\t<div class=\"snk-media snk-media_image\">\n\n\t\t\t\t\t\t\t\t\t<img decoding=\"async\" data-src=\"https:\/\/assetphysics.com\/wp-content\/uploads\/2026\/09\/vcsPRAsset_3484426_190086_6b4336c1-5714-43d2-841a-d5597b966b69_0.jpg\" alt=\"Dr. Karsten Lieser (Quelle: L\u00fcbke Kelber AG)\" title=\"vcsPRAsset_3484426_190086_6b4336c1-5714-43d2-841a-d5597b966b69_0\" src=\"data:image\/svg+xml;base64,PHN2ZyB3aWR0aD0iMSIgaGVpZ2h0PSIxIiB4bWxucz0iaHR0cDovL3d3dy53My5vcmcvMjAwMC9zdmciPjwvc3ZnPg==\" class=\"lazyload\" style=\"--smush-placeholder-width: 1440px; --smush-placeholder-aspect-ratio: 1440\/960;\" \/>\n\t\t\t\t\t\t<div class=\"snk-media-caption\">Dr. Karsten Lieser  (Quelle: L\u00fcbke Kelber AG)<\/div>\t\t\t<\/div>\n\n\t\t\t\t\t<\/div>\n\n\t\t\t<\/section>\n\t","protected":false},"excerpt":{"rendered":"<p>Die L\u00fcbke Kelber AG k\u00fcndigt personelle \u00c4nderungen an: CEO Marc Sahling verl\u00e4sst das Unternehmen zum 30. September 2026. Dr. Karsten Lieser wurde zum 24. August 2026 in den Vorstand berufen; bis Jahresende soll ein weiteres Mitglied folgen.<\/p>\n","protected":false},"author":378,"featured_media":45280,"comment_status":"closed","ping_status":"closed","sticky":false,"template":"","format":"standard","meta":{"_acf_changed":false,"inline_featured_image":false,"_co_authors":[],"footnotes":""},"categories":[875],"tags":[],"type_content":[170],"class_list":["post-45270","post","type-post","status-publish","format-standard","has-post-thumbnail","hentry","category-dynamics","type_content-news"],"acf":{"homepage_featured_article":false},"_links":{"self":[{"href":"https:\/\/assetphysics.com\/de\/wp-json\/wp\/v2\/posts\/45270","targetHints":{"allow":["GET"]}}],"collection":[{"href":"https:\/\/assetphysics.com\/de\/wp-json\/wp\/v2\/posts"}],"about":[{"href":"https:\/\/assetphysics.com\/de\/wp-json\/wp\/v2\/types\/post"}],"author":[{"embeddable":true,"href":"https:\/\/assetphysics.com\/de\/wp-json\/wp\/v2\/users\/378"}],"replies":[{"embeddable":true,"href":"https:\/\/assetphysics.com\/de\/wp-json\/wp\/v2\/comments?post=45270"}],"version-history":[{"count":2,"href":"https:\/\/assetphysics.com\/de\/wp-json\/wp\/v2\/posts\/45270\/revisions"}],"predecessor-version":[{"id":45287,"href":"https:\/\/assetphysics.com\/de\/wp-json\/wp\/v2\/posts\/45270\/revisions\/45287"}],"wp:featuredmedia":[{"embeddable":true,"href":"https:\/\/assetphysics.com\/de\/wp-json\/wp\/v2\/media\/45280"}],"wp:attachment":[{"href":"https:\/\/assetphysics.com\/de\/wp-json\/wp\/v2\/media?parent=45270"}],"wp:term":[{"taxonomy":"category","embeddable":true,"href":"https:\/\/assetphysics.com\/de\/wp-json\/wp\/v2\/categories?post=45270"},{"taxonomy":"post_tag","embeddable":true,"href":"https:\/\/assetphysics.com\/de\/wp-json\/wp\/v2\/tags?post=45270"},{"taxonomy":"type_content","embeddable":true,"href":"https:\/\/assetphysics.com\/de\/wp-json\/wp\/v2\/type_content?post=45270"}],"curies":[{"name":"wp","href":"https:\/\/api.w.org\/{rel}","templated":true}]}}